{"id":16384,"date":"2020-04-07T07:06:25","date_gmt":"2020-04-07T05:06:25","guid":{"rendered":"https:\/\/www.vcp.de\/pfadfinden\/?p=16384"},"modified":"2024-09-14T18:51:41","modified_gmt":"2024-09-14T16:51:41","slug":"stipendium-fuer-die-karls","status":"publish","type":"post","link":"https:\/\/vcp.de\/pfadfinden\/allgemein\/stipendium-fuer-die-karls\/","title":{"rendered":"Stipendium f\u00fcr die Karls"},"content":{"rendered":"\n<h2 class=\"wp-block-heading\"><strong>Bis zum 31. Mai bewerben f\u00fcr das Wintersemester 2020\/21<\/strong><\/h2>\n\n\n\n<p>Gemeinsam mit der Karlshochschule schreibt der VCP ein Vollstipendium f\u00fcr ein Studium an der Karls aus, auf das sich alle aktiven Pfadfinder*innen des VCPs bewerben k\u00f6nnen. F\u00fcr das Wintersemester 2019\/2020 wurden neben dem Vollstipendium sogar ein paar Teilstipendien f\u00fcr VCPer*innen vergeben. Somit gibt es mittlerweile eine sehr aktive Gruppe von sechs Pfadfinder*innen des VCP an der Karlshochschule. F\u00fcr das Wintersemester 2020\/21 hoffen wir auf Zuwachs!<\/p>\n\n\n\n<p><a href=\"https:\/\/www.vcp.de\/stipendium\" target=\"_blank\" rel=\"noopener noreferrer\">www.vcp.de\/stipendium<\/a><\/p>\n\n\n\n<div class=\"wp-block-query is-layout-flow wp-block-query-is-layout-flow\"><ul class=\"wp-block-post-template is-layout-flow wp-block-post-template-is-layout-flow\"><li class=\"wp-block-post post-21329 post type-post status-publish format-standard has-post-thumbnail hentry category-allgemein tag-stipendium\">\n\n<div class=\"wp-block-columns is-layout-flex wp-container-core-columns-is-layout-9d6595d7 wp-block-columns-is-layout-flex\">\n<div class=\"wp-block-column is-layout-flow wp-block-column-is-layout-flow\" style=\"flex-basis:33.33%\"><figure style=\"aspect-ratio:1;width:200px;\" class=\"aligncenter wp-block-post-featured-image\"><a href=\"https:\/\/vcp.de\/pfadfinden\/allgemein\/stipendium-fuer-die-karlshochschule-2\/\" target=\"_self\"  ><img loading=\"lazy\" decoding=\"async\" width=\"1242\" height=\"1798\" src=\"https:\/\/vcp.de\/pfadfinden\/wp-content\/uploads\/2021\/04\/Stipendium-Karls.jpg\" class=\"attachment-post-thumbnail size-post-thumbnail wp-post-image\" alt=\"Stipendium f\u00fcr die Karlshochschule\" style=\"width:100%;height:100%;object-fit:cover;\" srcset=\"https:\/\/vcp.de\/pfadfinden\/wp-content\/uploads\/2021\/04\/Stipendium-Karls.jpg 1242w, https:\/\/vcp.de\/pfadfinden\/wp-content\/uploads\/2021\/04\/Stipendium-Karls-207x300.jpg 207w, https:\/\/vcp.de\/pfadfinden\/wp-content\/uploads\/2021\/04\/Stipendium-Karls-707x1024.jpg 707w, https:\/\/vcp.de\/pfadfinden\/wp-content\/uploads\/2021\/04\/Stipendium-Karls-768x1112.jpg 768w, https:\/\/vcp.de\/pfadfinden\/wp-content\/uploads\/2021\/04\/Stipendium-Karls-1061x1536.jpg 1061w\" sizes=\"auto, (max-width: 1242px) 100vw, 1242px\" \/><\/a><\/figure><\/div>\n\n\n\n<div class=\"wp-block-column is-layout-flow wp-block-column-is-layout-flow\" style=\"flex-basis:66.66%\"><h5 class=\"wp-block-post-title\"><a href=\"https:\/\/vcp.de\/pfadfinden\/allgemein\/stipendium-fuer-die-karlshochschule-2\/\" target=\"_self\" >Stipendium f\u00fcr die Karlshochschule<\/a><\/h5>\n\n<div class=\"wp-block-post-excerpt\"><p class=\"wp-block-post-excerpt__excerpt\">Bewerbungen f\u00fcr das Bachelorstipendium sind bis zum 28. Mai m\u00f6glich! Die Stiftung der Karlshochschule schreibt ein Stipendium aus, das sich&hellip;<\/p><p class=\"wp-block-post-excerpt__more-text\"><a class=\"wp-block-post-excerpt__more-link\" href=\"https:\/\/vcp.de\/pfadfinden\/allgemein\/stipendium-fuer-die-karlshochschule-2\/\">Weiterlesen<\/a><\/p><\/div><\/div>\n<\/div>\n\n\n\n<hr class=\"wp-block-separator has-alpha-channel-opacity\"\/>\n\n<\/li><li class=\"wp-block-post post-20955 post type-post status-publish format-standard has-post-thumbnail hentry category-auf-neuem-pfad tag-anp2001 tag-dies-und-das tag-stipendium\">\n\n<div class=\"wp-block-columns is-layout-flex wp-container-core-columns-is-layout-9d6595d7 wp-block-columns-is-layout-flex\">\n<div class=\"wp-block-column is-layout-flow wp-block-column-is-layout-flow\" style=\"flex-basis:33.33%\"><figure style=\"aspect-ratio:1;width:200px;\" class=\"aligncenter wp-block-post-featured-image\"><a href=\"https:\/\/vcp.de\/pfadfinden\/auf-neuem-pfad\/familiaer-und-interdisziplinaer-studium-an-der-karlshochschule\/\" target=\"_self\"  ><img loading=\"lazy\" decoding=\"async\" width=\"2560\" height=\"1340\" src=\"https:\/\/vcp.de\/pfadfinden\/wp-content\/uploads\/2021\/03\/Beitragsbild-Familieaer-und-interdisziplinaer-Studium-an-der-Karlshochschule-scaled.jpg\" class=\"attachment-post-thumbnail size-post-thumbnail wp-post-image\" alt=\"Famili\u00e4r und interdisziplin\u00e4r: Studium an der Karlshochschule\" style=\"width:100%;height:100%;object-fit:cover;\" srcset=\"https:\/\/vcp.de\/pfadfinden\/wp-content\/uploads\/2021\/03\/Beitragsbild-Familieaer-und-interdisziplinaer-Studium-an-der-Karlshochschule-scaled.jpg 2560w, https:\/\/vcp.de\/pfadfinden\/wp-content\/uploads\/2021\/03\/Beitragsbild-Familieaer-und-interdisziplinaer-Studium-an-der-Karlshochschule-300x157.jpg 300w, https:\/\/vcp.de\/pfadfinden\/wp-content\/uploads\/2021\/03\/Beitragsbild-Familieaer-und-interdisziplinaer-Studium-an-der-Karlshochschule-1024x536.jpg 1024w, https:\/\/vcp.de\/pfadfinden\/wp-content\/uploads\/2021\/03\/Beitragsbild-Familieaer-und-interdisziplinaer-Studium-an-der-Karlshochschule-768x402.jpg 768w, https:\/\/vcp.de\/pfadfinden\/wp-content\/uploads\/2021\/03\/Beitragsbild-Familieaer-und-interdisziplinaer-Studium-an-der-Karlshochschule-1536x804.jpg 1536w, https:\/\/vcp.de\/pfadfinden\/wp-content\/uploads\/2021\/03\/Beitragsbild-Familieaer-und-interdisziplinaer-Studium-an-der-Karlshochschule-2048x1072.jpg 2048w\" sizes=\"auto, (max-width: 2560px) 100vw, 2560px\" \/><\/a><\/figure><\/div>\n\n\n\n<div class=\"wp-block-column is-layout-flow wp-block-column-is-layout-flow\" style=\"flex-basis:66.66%\"><h5 class=\"wp-block-post-title\"><a href=\"https:\/\/vcp.de\/pfadfinden\/auf-neuem-pfad\/familiaer-und-interdisziplinaer-studium-an-der-karlshochschule\/\" target=\"_self\" >Famili\u00e4r und interdisziplin\u00e4r: Studium an der Karlshochschule<\/a><\/h5>\n\n<div class=\"wp-block-post-excerpt\"><p class=\"wp-block-post-excerpt__excerpt\">Der Studienbeginn war ungew\u00f6hnlich f\u00fcr Thea. Schlie\u00dflich musste sie unter Corona-Bedingungen in einen ganz neuen Lebensabschnitt starten. Dank eines guten&hellip;<\/p><p class=\"wp-block-post-excerpt__more-text\"><a class=\"wp-block-post-excerpt__more-link\" href=\"https:\/\/vcp.de\/pfadfinden\/auf-neuem-pfad\/familiaer-und-interdisziplinaer-studium-an-der-karlshochschule\/\">Weiterlesen<\/a><\/p><\/div><\/div>\n<\/div>\n\n\n\n<hr class=\"wp-block-separator has-alpha-channel-opacity\"\/>\n\n<\/li><li class=\"wp-block-post post-20482 post type-post status-publish format-standard has-post-thumbnail hentry category-allgemein tag-stipendium\">\n\n<div class=\"wp-block-columns is-layout-flex wp-container-core-columns-is-layout-9d6595d7 wp-block-columns-is-layout-flex\">\n<div class=\"wp-block-column is-layout-flow wp-block-column-is-layout-flow\" style=\"flex-basis:33.33%\"><figure style=\"aspect-ratio:1;width:200px;\" class=\"aligncenter wp-block-post-featured-image\"><a href=\"https:\/\/vcp.de\/pfadfinden\/allgemein\/stipendium-masterstudiengang-an-der-karls\/\" target=\"_self\"  ><img loading=\"lazy\" decoding=\"async\" width=\"1400\" height=\"1400\" src=\"https:\/\/vcp.de\/pfadfinden\/wp-content\/uploads\/2021\/02\/2021-scholarship-master-opportunity-post-V7.jpg\" class=\"attachment-post-thumbnail size-post-thumbnail wp-post-image\" alt=\"Stipendium Masterstudiengang an der Karls\" style=\"width:100%;height:100%;object-fit:cover;\" srcset=\"https:\/\/vcp.de\/pfadfinden\/wp-content\/uploads\/2021\/02\/2021-scholarship-master-opportunity-post-V7.jpg 1400w, https:\/\/vcp.de\/pfadfinden\/wp-content\/uploads\/2021\/02\/2021-scholarship-master-opportunity-post-V7-300x300.jpg 300w, https:\/\/vcp.de\/pfadfinden\/wp-content\/uploads\/2021\/02\/2021-scholarship-master-opportunity-post-V7-1024x1024.jpg 1024w, https:\/\/vcp.de\/pfadfinden\/wp-content\/uploads\/2021\/02\/2021-scholarship-master-opportunity-post-V7-150x150.jpg 150w, https:\/\/vcp.de\/pfadfinden\/wp-content\/uploads\/2021\/02\/2021-scholarship-master-opportunity-post-V7-768x768.jpg 768w, https:\/\/vcp.de\/pfadfinden\/wp-content\/uploads\/2021\/02\/2021-scholarship-master-opportunity-post-V7-45x45.jpg 45w\" sizes=\"auto, (max-width: 1400px) 100vw, 1400px\" \/><\/a><\/figure><\/div>\n\n\n\n<div class=\"wp-block-column is-layout-flow wp-block-column-is-layout-flow\" style=\"flex-basis:66.66%\"><h5 class=\"wp-block-post-title\"><a href=\"https:\/\/vcp.de\/pfadfinden\/allgemein\/stipendium-masterstudiengang-an-der-karls\/\" target=\"_self\" >Stipendium Masterstudiengang an der Karls<\/a><\/h5>\n\n<div class=\"wp-block-post-excerpt\"><p class=\"wp-block-post-excerpt__excerpt\">Die Karlshochschule schreibt unter all ihren Kooperationspartnern und Jugendorganisationen\u00a0 ein Vollstipendium bzw. mehrere Teilstipendien f\u00fcr einen Masterstudiengang aus. Bewerbungsschluss ist&hellip;<\/p><p class=\"wp-block-post-excerpt__more-text\"><a class=\"wp-block-post-excerpt__more-link\" href=\"https:\/\/vcp.de\/pfadfinden\/allgemein\/stipendium-masterstudiengang-an-der-karls\/\">Weiterlesen<\/a><\/p><\/div><\/div>\n<\/div>\n\n\n\n<hr class=\"wp-block-separator has-alpha-channel-opacity\"\/>\n\n<\/li><li class=\"wp-block-post post-17460 post type-post status-publish format-standard has-post-thumbnail hentry category-allgemein tag-stipendium\">\n\n<div class=\"wp-block-columns is-layout-flex wp-container-core-columns-is-layout-9d6595d7 wp-block-columns-is-layout-flex\">\n<div class=\"wp-block-column is-layout-flow wp-block-column-is-layout-flow\" style=\"flex-basis:33.33%\"><figure style=\"aspect-ratio:1;width:200px;\" class=\"aligncenter wp-block-post-featured-image\"><a href=\"https:\/\/vcp.de\/pfadfinden\/allgemein\/vcperinnen-an-der-karlshochschule\/\" target=\"_self\"  ><img loading=\"lazy\" decoding=\"async\" width=\"2000\" height=\"2366\" src=\"https:\/\/vcp.de\/pfadfinden\/wp-content\/uploads\/2020\/06\/Beitragsbild_Videos-20200629.jpg\" class=\"attachment-post-thumbnail size-post-thumbnail wp-post-image\" alt=\"VCPerinnen an der Karlshochschule\" style=\"width:100%;height:100%;object-fit:cover;\" srcset=\"https:\/\/vcp.de\/pfadfinden\/wp-content\/uploads\/2020\/06\/Beitragsbild_Videos-20200629.jpg 2000w, https:\/\/vcp.de\/pfadfinden\/wp-content\/uploads\/2020\/06\/Beitragsbild_Videos-20200629-254x300.jpg 254w, https:\/\/vcp.de\/pfadfinden\/wp-content\/uploads\/2020\/06\/Beitragsbild_Videos-20200629-866x1024.jpg 866w, https:\/\/vcp.de\/pfadfinden\/wp-content\/uploads\/2020\/06\/Beitragsbild_Videos-20200629-768x909.jpg 768w, https:\/\/vcp.de\/pfadfinden\/wp-content\/uploads\/2020\/06\/Beitragsbild_Videos-20200629-1298x1536.jpg 1298w, https:\/\/vcp.de\/pfadfinden\/wp-content\/uploads\/2020\/06\/Beitragsbild_Videos-20200629-1731x2048.jpg 1731w\" sizes=\"auto, (max-width: 2000px) 100vw, 2000px\" \/><\/a><\/figure><\/div>\n\n\n\n<div class=\"wp-block-column is-layout-flow wp-block-column-is-layout-flow\" style=\"flex-basis:66.66%\"><h5 class=\"wp-block-post-title\"><a href=\"https:\/\/vcp.de\/pfadfinden\/allgemein\/vcperinnen-an-der-karlshochschule\/\" target=\"_self\" >VCPerinnen an der Karlshochschule<\/a><\/h5>\n\n<div class=\"wp-block-post-excerpt\"><p class=\"wp-block-post-excerpt__excerpt\">Seit dem Jahr 2019 besteht eine Kooperation des VCP mit der Karlshochschule International University. Gemeinsam mit der Karlshochschule schreibt der&hellip;<\/p><p class=\"wp-block-post-excerpt__more-text\"><a class=\"wp-block-post-excerpt__more-link\" href=\"https:\/\/vcp.de\/pfadfinden\/allgemein\/vcperinnen-an-der-karlshochschule\/\">Weiterlesen<\/a><\/p><\/div><\/div>\n<\/div>\n\n\n\n<hr class=\"wp-block-separator has-alpha-channel-opacity\"\/>\n\n<\/li><li class=\"wp-block-post post-17209 post type-post status-publish format-standard has-post-thumbnail hentry category-allgemein category-digitale-treffen tag-stipendium\">\n\n<div class=\"wp-block-columns is-layout-flex wp-container-core-columns-is-layout-9d6595d7 wp-block-columns-is-layout-flex\">\n<div class=\"wp-block-column is-layout-flow wp-block-column-is-layout-flow\" style=\"flex-basis:33.33%\"><figure style=\"aspect-ratio:1;width:200px;\" class=\"aligncenter wp-block-post-featured-image\"><a href=\"https:\/\/vcp.de\/pfadfinden\/allgemein\/themenwoche-sustainability-mach-mit\/\" target=\"_self\"  ><img loading=\"lazy\" decoding=\"async\" width=\"1844\" height=\"1167\" src=\"https:\/\/vcp.de\/pfadfinden\/wp-content\/uploads\/2020\/06\/Learning-Objectives_karls.png\" class=\"attachment-post-thumbnail size-post-thumbnail wp-post-image\" alt=\"Themenwoche &#8222;Sustainability&#8220; &#8211; Mach mit!\" style=\"width:100%;height:100%;object-fit:cover;\" srcset=\"https:\/\/vcp.de\/pfadfinden\/wp-content\/uploads\/2020\/06\/Learning-Objectives_karls.png 1844w, https:\/\/vcp.de\/pfadfinden\/wp-content\/uploads\/2020\/06\/Learning-Objectives_karls-300x190.png 300w, https:\/\/vcp.de\/pfadfinden\/wp-content\/uploads\/2020\/06\/Learning-Objectives_karls-1024x648.png 1024w, https:\/\/vcp.de\/pfadfinden\/wp-content\/uploads\/2020\/06\/Learning-Objectives_karls-768x486.png 768w, https:\/\/vcp.de\/pfadfinden\/wp-content\/uploads\/2020\/06\/Learning-Objectives_karls-1536x972.png 1536w\" sizes=\"auto, (max-width: 1844px) 100vw, 1844px\" \/><\/a><\/figure><\/div>\n\n\n\n<div class=\"wp-block-column is-layout-flow wp-block-column-is-layout-flow\" style=\"flex-basis:66.66%\"><h5 class=\"wp-block-post-title\"><a href=\"https:\/\/vcp.de\/pfadfinden\/allgemein\/themenwoche-sustainability-mach-mit\/\" target=\"_self\" >Themenwoche &#8222;Sustainability&#8220; &#8211; Mach mit!<\/a><\/h5>\n\n<div class=\"wp-block-post-excerpt\"><p class=\"wp-block-post-excerpt__excerpt\">vom 7. bis 14. Juni Im interaktiven Online-Modul &#8222;Sustainability in Youth Organizations&#8220; erfahrt ihr, wie ihr Nachhaltigkeit in eurer Freiwilligenarbeit&hellip;<\/p><p class=\"wp-block-post-excerpt__more-text\"><a class=\"wp-block-post-excerpt__more-link\" href=\"https:\/\/vcp.de\/pfadfinden\/allgemein\/themenwoche-sustainability-mach-mit\/\">Weiterlesen<\/a><\/p><\/div><\/div>\n<\/div>\n\n\n\n<hr class=\"wp-block-separator has-alpha-channel-opacity\"\/>\n\n<\/li><li class=\"wp-block-post post-14948 post type-post status-publish format-standard has-post-thumbnail hentry category-allgemein tag-stipendium\">\n\n<div class=\"wp-block-columns is-layout-flex wp-container-core-columns-is-layout-9d6595d7 wp-block-columns-is-layout-flex\">\n<div class=\"wp-block-column is-layout-flow wp-block-column-is-layout-flow\" style=\"flex-basis:33.33%\"><figure style=\"aspect-ratio:1;width:200px;\" class=\"aligncenter wp-block-post-featured-image\"><a href=\"https:\/\/vcp.de\/pfadfinden\/allgemein\/stipendium-fuer-die-karlshochschule\/\" target=\"_self\"  ><img loading=\"lazy\" decoding=\"async\" width=\"821\" height=\"1364\" src=\"https:\/\/vcp.de\/pfadfinden\/wp-content\/uploads\/2019\/11\/Karlshochschule.jpg\" class=\"attachment-post-thumbnail size-post-thumbnail wp-post-image\" alt=\"Stipendium f\u00fcr die Karlshochschule &#8211; Bewerbungsfrist verl\u00e4ngert\" style=\"width:100%;height:100%;object-fit:cover;\" srcset=\"https:\/\/vcp.de\/pfadfinden\/wp-content\/uploads\/2019\/11\/Karlshochschule.jpg 821w, https:\/\/vcp.de\/pfadfinden\/wp-content\/uploads\/2019\/11\/Karlshochschule-181x300.jpg 181w, https:\/\/vcp.de\/pfadfinden\/wp-content\/uploads\/2019\/11\/Karlshochschule-768x1276.jpg 768w, https:\/\/vcp.de\/pfadfinden\/wp-content\/uploads\/2019\/11\/Karlshochschule-616x1024.jpg 616w\" sizes=\"auto, (max-width: 821px) 100vw, 821px\" \/><\/a><\/figure><\/div>\n\n\n\n<div class=\"wp-block-column is-layout-flow wp-block-column-is-layout-flow\" style=\"flex-basis:66.66%\"><h5 class=\"wp-block-post-title\"><a href=\"https:\/\/vcp.de\/pfadfinden\/allgemein\/stipendium-fuer-die-karlshochschule\/\" target=\"_self\" >Stipendium f\u00fcr die Karlshochschule &#8211; Bewerbungsfrist verl\u00e4ngert<\/a><\/h5>\n\n<div class=\"wp-block-post-excerpt\"><p class=\"wp-block-post-excerpt__excerpt\">Die Stiftung der Karlshochschule schreibt ein Stipendium aus, das sich explizit an Mitglieder des Verbands Christlicher Pfadfinderinnen und Pfadfinder (VCP)&hellip;<\/p><p class=\"wp-block-post-excerpt__more-text\"><a class=\"wp-block-post-excerpt__more-link\" href=\"https:\/\/vcp.de\/pfadfinden\/allgemein\/stipendium-fuer-die-karlshochschule\/\">Weiterlesen<\/a><\/p><\/div><\/div>\n<\/div>\n\n\n\n<hr class=\"wp-block-separator has-alpha-channel-opacity\"\/>\n\n<\/li><li class=\"wp-block-post post-16770 post type-post status-publish format-standard has-post-thumbnail hentry category-allgemein tag-stipendium\">\n\n<div class=\"wp-block-columns is-layout-flex wp-container-core-columns-is-layout-9d6595d7 wp-block-columns-is-layout-flex\">\n<div class=\"wp-block-column is-layout-flow wp-block-column-is-layout-flow\" style=\"flex-basis:33.33%\"><figure style=\"aspect-ratio:1;width:200px;\" class=\"aligncenter wp-block-post-featured-image\"><a href=\"https:\/\/vcp.de\/pfadfinden\/allgemein\/kopfsprung-in-die-digitale-zukunft\/\" target=\"_self\"  ><img loading=\"lazy\" decoding=\"async\" width=\"1754\" height=\"823\" src=\"https:\/\/vcp.de\/pfadfinden\/wp-content\/uploads\/2020\/04\/Karls_collaborative_learning_whiteboard.jpg\" class=\"attachment-post-thumbnail size-post-thumbnail wp-post-image\" alt=\"Karlshochschule: Kopfsprung in die digitale Zukunft\" style=\"width:100%;height:100%;object-fit:cover;\" srcset=\"https:\/\/vcp.de\/pfadfinden\/wp-content\/uploads\/2020\/04\/Karls_collaborative_learning_whiteboard.jpg 1754w, https:\/\/vcp.de\/pfadfinden\/wp-content\/uploads\/2020\/04\/Karls_collaborative_learning_whiteboard-300x141.jpg 300w, https:\/\/vcp.de\/pfadfinden\/wp-content\/uploads\/2020\/04\/Karls_collaborative_learning_whiteboard-1024x480.jpg 1024w, https:\/\/vcp.de\/pfadfinden\/wp-content\/uploads\/2020\/04\/Karls_collaborative_learning_whiteboard-768x360.jpg 768w, https:\/\/vcp.de\/pfadfinden\/wp-content\/uploads\/2020\/04\/Karls_collaborative_learning_whiteboard-1536x721.jpg 1536w\" sizes=\"auto, (max-width: 1754px) 100vw, 1754px\" \/><\/a><\/figure><\/div>\n\n\n\n<div class=\"wp-block-column is-layout-flow wp-block-column-is-layout-flow\" style=\"flex-basis:66.66%\"><h5 class=\"wp-block-post-title\"><a href=\"https:\/\/vcp.de\/pfadfinden\/allgemein\/kopfsprung-in-die-digitale-zukunft\/\" target=\"_self\" >Karlshochschule: Kopfsprung in die digitale Zukunft<\/a><\/h5>\n\n<div class=\"wp-block-post-excerpt\"><p class=\"wp-block-post-excerpt__excerpt\">Liebe Pfadfinderinnen und Pfadfinder, Wie alle Bildungseinrichtungen mussten auch wir an der Karlshochschule uns den Einschr\u00e4nkungen der Corona-Krise anpassen. Gl\u00fccklicherweise&hellip;<\/p><p class=\"wp-block-post-excerpt__more-text\"><a class=\"wp-block-post-excerpt__more-link\" href=\"https:\/\/vcp.de\/pfadfinden\/allgemein\/kopfsprung-in-die-digitale-zukunft\/\">Weiterlesen<\/a><\/p><\/div><\/div>\n<\/div>\n\n\n\n<hr class=\"wp-block-separator has-alpha-channel-opacity\"\/>\n\n<\/li><li class=\"wp-block-post post-16384 post type-post status-publish format-standard has-post-thumbnail hentry category-allgemein category-auf-neuem-pfad tag-anp2001 tag-dies-und-das tag-stipendium\">\n\n<div class=\"wp-block-columns is-layout-flex wp-container-core-columns-is-layout-9d6595d7 wp-block-columns-is-layout-flex\">\n<div class=\"wp-block-column is-layout-flow wp-block-column-is-layout-flow\" style=\"flex-basis:33.33%\"><figure style=\"aspect-ratio:1;width:200px;\" class=\"aligncenter wp-block-post-featured-image\"><a href=\"https:\/\/vcp.de\/pfadfinden\/allgemein\/stipendium-fuer-die-karls\/\" target=\"_self\"  ><img loading=\"lazy\" decoding=\"async\" width=\"821\" height=\"1364\" src=\"https:\/\/vcp.de\/pfadfinden\/wp-content\/uploads\/2019\/11\/Karlshochschule.jpg\" class=\"attachment-post-thumbnail size-post-thumbnail wp-post-image\" alt=\"Stipendium f\u00fcr die Karls\" style=\"width:100%;height:100%;object-fit:cover;\" srcset=\"https:\/\/vcp.de\/pfadfinden\/wp-content\/uploads\/2019\/11\/Karlshochschule.jpg 821w, https:\/\/vcp.de\/pfadfinden\/wp-content\/uploads\/2019\/11\/Karlshochschule-181x300.jpg 181w, https:\/\/vcp.de\/pfadfinden\/wp-content\/uploads\/2019\/11\/Karlshochschule-768x1276.jpg 768w, https:\/\/vcp.de\/pfadfinden\/wp-content\/uploads\/2019\/11\/Karlshochschule-616x1024.jpg 616w\" sizes=\"auto, (max-width: 821px) 100vw, 821px\" \/><\/a><\/figure><\/div>\n\n\n\n<div class=\"wp-block-column is-layout-flow wp-block-column-is-layout-flow\" style=\"flex-basis:66.66%\"><h5 class=\"wp-block-post-title\"><a href=\"https:\/\/vcp.de\/pfadfinden\/allgemein\/stipendium-fuer-die-karls\/\" target=\"_self\" >Stipendium f\u00fcr die Karls<\/a><\/h5>\n\n<div class=\"wp-block-post-excerpt\"><p class=\"wp-block-post-excerpt__excerpt\">Bis zum 31. Mai bewerben f\u00fcr das Wintersemester 2020\/21 Gemeinsam mit der Karlshochschule schreibt der VCP ein Vollstipendium f\u00fcr ein&hellip;<\/p><p class=\"wp-block-post-excerpt__more-text\"><a class=\"wp-block-post-excerpt__more-link\" href=\"https:\/\/vcp.de\/pfadfinden\/allgemein\/stipendium-fuer-die-karls\/\">Weiterlesen<\/a><\/p><\/div><\/div>\n<\/div>\n\n\n\n<hr class=\"wp-block-separator has-alpha-channel-opacity\"\/>\n\n<\/li><li class=\"wp-block-post post-16466 post type-post status-publish format-standard has-post-thumbnail hentry category-allgemein tag-stipendium\">\n\n<div class=\"wp-block-columns is-layout-flex wp-container-core-columns-is-layout-9d6595d7 wp-block-columns-is-layout-flex\">\n<div class=\"wp-block-column is-layout-flow wp-block-column-is-layout-flow\" style=\"flex-basis:33.33%\"><figure style=\"aspect-ratio:1;width:200px;\" class=\"aligncenter wp-block-post-featured-image\"><a href=\"https:\/\/vcp.de\/pfadfinden\/allgemein\/studycheck-award-2020-karlshochschule-auf-platz-10-der-beliebtesten-hochschulen-deutschlands\/\" target=\"_self\"  ><img loading=\"lazy\" decoding=\"async\" width=\"1038\" height=\"788\" src=\"https:\/\/vcp.de\/pfadfinden\/wp-content\/uploads\/2020\/04\/Seal-of-Quality_StudyCheck_Top-University_jpg.jpg\" class=\"attachment-post-thumbnail size-post-thumbnail wp-post-image\" alt=\"StudyCheck Award 2020: Karlshochschule auf Platz 10 der beliebtesten Hochschulen Deutschlands\" style=\"width:100%;height:100%;object-fit:cover;\" srcset=\"https:\/\/vcp.de\/pfadfinden\/wp-content\/uploads\/2020\/04\/Seal-of-Quality_StudyCheck_Top-University_jpg.jpg 1038w, https:\/\/vcp.de\/pfadfinden\/wp-content\/uploads\/2020\/04\/Seal-of-Quality_StudyCheck_Top-University_jpg-300x228.jpg 300w, https:\/\/vcp.de\/pfadfinden\/wp-content\/uploads\/2020\/04\/Seal-of-Quality_StudyCheck_Top-University_jpg-1024x777.jpg 1024w, https:\/\/vcp.de\/pfadfinden\/wp-content\/uploads\/2020\/04\/Seal-of-Quality_StudyCheck_Top-University_jpg-768x583.jpg 768w\" sizes=\"auto, (max-width: 1038px) 100vw, 1038px\" \/><\/a><\/figure><\/div>\n\n\n\n<div class=\"wp-block-column is-layout-flow wp-block-column-is-layout-flow\" style=\"flex-basis:66.66%\"><h5 class=\"wp-block-post-title\"><a href=\"https:\/\/vcp.de\/pfadfinden\/allgemein\/studycheck-award-2020-karlshochschule-auf-platz-10-der-beliebtesten-hochschulen-deutschlands\/\" target=\"_self\" >StudyCheck Award 2020: Karlshochschule auf Platz 10 der beliebtesten Hochschulen Deutschlands<\/a><\/h5>\n\n<div class=\"wp-block-post-excerpt\"><p class=\"wp-block-post-excerpt__excerpt\">Im Gesamtranking (Hochschule und Universit\u00e4ten) bundesweit auf Platz 12. Platz 5 der Hochschulen in Baden-W\u00fcrttemberg und Platz 1 in Karlsruhe.&hellip;<\/p><p class=\"wp-block-post-excerpt__more-text\"><a class=\"wp-block-post-excerpt__more-link\" href=\"https:\/\/vcp.de\/pfadfinden\/allgemein\/studycheck-award-2020-karlshochschule-auf-platz-10-der-beliebtesten-hochschulen-deutschlands\/\">Weiterlesen<\/a><\/p><\/div><\/div>\n<\/div>\n\n\n\n<hr class=\"wp-block-separator has-alpha-channel-opacity\"\/>\n\n<\/li><li class=\"wp-block-post post-15394 post type-post status-publish format-standard has-post-thumbnail hentry category-allgemein tag-stipendium\">\n\n<div class=\"wp-block-columns is-layout-flex wp-container-core-columns-is-layout-9d6595d7 wp-block-columns-is-layout-flex\">\n<div class=\"wp-block-column is-layout-flow wp-block-column-is-layout-flow\" style=\"flex-basis:33.33%\"><figure style=\"aspect-ratio:1;width:200px;\" class=\"aligncenter wp-block-post-featured-image\"><a href=\"https:\/\/vcp.de\/pfadfinden\/allgemein\/mein-erstes-semester-als-pfadikarls\/\" target=\"_self\"  ><img loading=\"lazy\" decoding=\"async\" width=\"1430\" height=\"1072\" src=\"https:\/\/vcp.de\/pfadfinden\/wp-content\/uploads\/2020\/02\/pfadis-at-karls.jpg\" class=\"attachment-post-thumbnail size-post-thumbnail wp-post-image\" alt=\"Mein erstes Semester als #Pfadi@Karls\" style=\"width:100%;height:100%;object-fit:cover;\" srcset=\"https:\/\/vcp.de\/pfadfinden\/wp-content\/uploads\/2020\/02\/pfadis-at-karls.jpg 1430w, https:\/\/vcp.de\/pfadfinden\/wp-content\/uploads\/2020\/02\/pfadis-at-karls-300x225.jpg 300w, https:\/\/vcp.de\/pfadfinden\/wp-content\/uploads\/2020\/02\/pfadis-at-karls-1024x768.jpg 1024w, https:\/\/vcp.de\/pfadfinden\/wp-content\/uploads\/2020\/02\/pfadis-at-karls-768x576.jpg 768w\" sizes=\"auto, (max-width: 1430px) 100vw, 1430px\" \/><\/a><\/figure><\/div>\n\n\n\n<div class=\"wp-block-column is-layout-flow wp-block-column-is-layout-flow\" style=\"flex-basis:66.66%\"><h5 class=\"wp-block-post-title\"><a href=\"https:\/\/vcp.de\/pfadfinden\/allgemein\/mein-erstes-semester-als-pfadikarls\/\" target=\"_self\" >Mein erstes Semester als #Pfadi@Karls<\/a><\/h5>\n\n<div class=\"wp-block-post-excerpt\"><p class=\"wp-block-post-excerpt__excerpt\">Von Vanessa Reiland Mein Name ist Vanessa und mein erstes Semester als Pfadfinder*in an der Karlshochschule ist fast vor\u00fcber. Ich&hellip;<\/p><p class=\"wp-block-post-excerpt__more-text\"><a class=\"wp-block-post-excerpt__more-link\" href=\"https:\/\/vcp.de\/pfadfinden\/allgemein\/mein-erstes-semester-als-pfadikarls\/\">Weiterlesen<\/a><\/p><\/div><\/div>\n<\/div>\n\n\n\n<hr class=\"wp-block-separator has-alpha-channel-opacity\"\/>\n\n<\/li><li class=\"wp-block-post post-14778 post type-post status-publish format-standard has-post-thumbnail hentry category-allgemein tag-stipendium\">\n\n<div class=\"wp-block-columns is-layout-flex wp-container-core-columns-is-layout-9d6595d7 wp-block-columns-is-layout-flex\">\n<div class=\"wp-block-column is-layout-flow wp-block-column-is-layout-flow\" style=\"flex-basis:33.33%\"><figure style=\"aspect-ratio:1;width:200px;\" class=\"aligncenter wp-block-post-featured-image\"><a href=\"https:\/\/vcp.de\/pfadfinden\/allgemein\/pfadisatkarls-interview-mit-ilka\/\" target=\"_self\"  ><img loading=\"lazy\" decoding=\"async\" width=\"2560\" height=\"1920\" src=\"https:\/\/vcp.de\/pfadfinden\/wp-content\/uploads\/2019\/12\/1420526-scaled.jpg\" class=\"attachment-post-thumbnail size-post-thumbnail wp-post-image\" alt=\"PfadisatKarls: Interview mit Ilka\" style=\"width:100%;height:100%;object-fit:cover;\" srcset=\"https:\/\/vcp.de\/pfadfinden\/wp-content\/uploads\/2019\/12\/1420526-scaled.jpg 2560w, https:\/\/vcp.de\/pfadfinden\/wp-content\/uploads\/2019\/12\/1420526-300x225.jpg 300w, https:\/\/vcp.de\/pfadfinden\/wp-content\/uploads\/2019\/12\/1420526-1024x768.jpg 1024w, https:\/\/vcp.de\/pfadfinden\/wp-content\/uploads\/2019\/12\/1420526-768x576.jpg 768w, https:\/\/vcp.de\/pfadfinden\/wp-content\/uploads\/2019\/12\/1420526-1536x1152.jpg 1536w, https:\/\/vcp.de\/pfadfinden\/wp-content\/uploads\/2019\/12\/1420526-2048x1536.jpg 2048w\" sizes=\"auto, (max-width: 2560px) 100vw, 2560px\" \/><\/a><\/figure><\/div>\n\n\n\n<div class=\"wp-block-column is-layout-flow wp-block-column-is-layout-flow\" style=\"flex-basis:66.66%\"><h5 class=\"wp-block-post-title\"><a href=\"https:\/\/vcp.de\/pfadfinden\/allgemein\/pfadisatkarls-interview-mit-ilka\/\" target=\"_self\" >PfadisatKarls: Interview mit Ilka<\/a><\/h5>\n\n<div class=\"wp-block-post-excerpt\"><p class=\"wp-block-post-excerpt__excerpt\">Can you introduce yourself to us and give us a little background information on your person and your life? Hallo,&hellip;<\/p><p class=\"wp-block-post-excerpt__more-text\"><a class=\"wp-block-post-excerpt__more-link\" href=\"https:\/\/vcp.de\/pfadfinden\/allgemein\/pfadisatkarls-interview-mit-ilka\/\">Weiterlesen<\/a><\/p><\/div><\/div>\n<\/div>\n\n\n\n<hr class=\"wp-block-separator has-alpha-channel-opacity\"\/>\n\n<\/li><li class=\"wp-block-post post-14775 post type-post status-publish format-standard has-post-thumbnail hentry category-allgemein tag-stipendium\">\n\n<div class=\"wp-block-columns is-layout-flex wp-container-core-columns-is-layout-9d6595d7 wp-block-columns-is-layout-flex\">\n<div class=\"wp-block-column is-layout-flow wp-block-column-is-layout-flow\" style=\"flex-basis:33.33%\"><figure style=\"aspect-ratio:1;width:200px;\" class=\"aligncenter wp-block-post-featured-image\"><a href=\"https:\/\/vcp.de\/pfadfinden\/allgemein\/pfadisatkarls-interview-mit-clara\/\" target=\"_self\"  ><img loading=\"lazy\" decoding=\"async\" width=\"2560\" height=\"1920\" src=\"https:\/\/vcp.de\/pfadfinden\/wp-content\/uploads\/2019\/12\/Clara-1-scaled.jpg\" class=\"attachment-post-thumbnail size-post-thumbnail wp-post-image\" alt=\"PfadisatKarls: Interview mit Clara\" style=\"width:100%;height:100%;object-fit:cover;\" srcset=\"https:\/\/vcp.de\/pfadfinden\/wp-content\/uploads\/2019\/12\/Clara-1-scaled.jpg 2560w, https:\/\/vcp.de\/pfadfinden\/wp-content\/uploads\/2019\/12\/Clara-1-300x225.jpg 300w, https:\/\/vcp.de\/pfadfinden\/wp-content\/uploads\/2019\/12\/Clara-1-1024x768.jpg 1024w, https:\/\/vcp.de\/pfadfinden\/wp-content\/uploads\/2019\/12\/Clara-1-768x576.jpg 768w, https:\/\/vcp.de\/pfadfinden\/wp-content\/uploads\/2019\/12\/Clara-1-1536x1152.jpg 1536w, https:\/\/vcp.de\/pfadfinden\/wp-content\/uploads\/2019\/12\/Clara-1-2048x1536.jpg 2048w\" sizes=\"auto, (max-width: 2560px) 100vw, 2560px\" \/><\/a><\/figure><\/div>\n\n\n\n<div class=\"wp-block-column is-layout-flow wp-block-column-is-layout-flow\" style=\"flex-basis:66.66%\"><h5 class=\"wp-block-post-title\"><a href=\"https:\/\/vcp.de\/pfadfinden\/allgemein\/pfadisatkarls-interview-mit-clara\/\" target=\"_self\" >PfadisatKarls: Interview mit Clara<\/a><\/h5>\n\n<div class=\"wp-block-post-excerpt\"><p class=\"wp-block-post-excerpt__excerpt\">Can you introduce yourself to us and give us a little background information on your person and your life? Ich&hellip;<\/p><p class=\"wp-block-post-excerpt__more-text\"><a class=\"wp-block-post-excerpt__more-link\" href=\"https:\/\/vcp.de\/pfadfinden\/allgemein\/pfadisatkarls-interview-mit-clara\/\">Weiterlesen<\/a><\/p><\/div><\/div>\n<\/div>\n\n\n\n<hr class=\"wp-block-separator has-alpha-channel-opacity\"\/>\n\n<\/li><li class=\"wp-block-post post-13106 post type-post status-publish format-standard has-post-thumbnail hentry category-allgemein tag-stipendium\">\n\n<div class=\"wp-block-columns is-layout-flex wp-container-core-columns-is-layout-9d6595d7 wp-block-columns-is-layout-flex\">\n<div class=\"wp-block-column is-layout-flow wp-block-column-is-layout-flow\" style=\"flex-basis:33.33%\"><figure style=\"aspect-ratio:1;width:200px;\" class=\"aligncenter wp-block-post-featured-image\"><a href=\"https:\/\/vcp.de\/pfadfinden\/allgemein\/das-karlsstipendium-fuer-den-vcp\/\" target=\"_self\"  ><img loading=\"lazy\" decoding=\"async\" width=\"985\" height=\"960\" src=\"https:\/\/vcp.de\/pfadfinden\/wp-content\/uploads\/2019\/05\/Luzia.jpeg\" class=\"attachment-post-thumbnail size-post-thumbnail wp-post-image\" alt=\"Das KarlsStipendium f\u00fcr den VCP\" style=\"width:100%;height:100%;object-fit:cover;\" srcset=\"https:\/\/vcp.de\/pfadfinden\/wp-content\/uploads\/2019\/05\/Luzia.jpeg 985w, https:\/\/vcp.de\/pfadfinden\/wp-content\/uploads\/2019\/05\/Luzia-300x292.jpeg 300w, https:\/\/vcp.de\/pfadfinden\/wp-content\/uploads\/2019\/05\/Luzia-768x749.jpeg 768w, https:\/\/vcp.de\/pfadfinden\/wp-content\/uploads\/2019\/05\/Luzia-45x45.jpeg 45w\" sizes=\"auto, (max-width: 985px) 100vw, 985px\" \/><\/a><\/figure><\/div>\n\n\n\n<div class=\"wp-block-column is-layout-flow wp-block-column-is-layout-flow\" style=\"flex-basis:66.66%\"><h5 class=\"wp-block-post-title\"><a href=\"https:\/\/vcp.de\/pfadfinden\/allgemein\/das-karlsstipendium-fuer-den-vcp\/\" target=\"_self\" >Das KarlsStipendium f\u00fcr den VCP<\/a><\/h5>\n\n<div class=\"wp-block-post-excerpt\"><p class=\"wp-block-post-excerpt__excerpt\">Luzia, Stipendiatin bei der Karlshochschule Wie kam es, dass du dich f\u00fcr ein Stipendium an der Karlshochschule beworben hast? Ich&hellip;<\/p><p class=\"wp-block-post-excerpt__more-text\"><a class=\"wp-block-post-excerpt__more-link\" href=\"https:\/\/vcp.de\/pfadfinden\/allgemein\/das-karlsstipendium-fuer-den-vcp\/\">Weiterlesen<\/a><\/p><\/div><\/div>\n<\/div>\n\n\n\n<hr class=\"wp-block-separator has-alpha-channel-opacity\"\/>\n\n<\/li><li class=\"wp-block-post post-13096 post type-post status-publish format-standard has-post-thumbnail hentry category-allgemein category-aus-dem-verband tag-stipendium\">\n\n<div class=\"wp-block-columns is-layout-flex wp-container-core-columns-is-layout-9d6595d7 wp-block-columns-is-layout-flex\">\n<div class=\"wp-block-column is-layout-flow wp-block-column-is-layout-flow\" style=\"flex-basis:33.33%\"><figure style=\"aspect-ratio:1;width:200px;\" class=\"aligncenter wp-block-post-featured-image\"><a href=\"https:\/\/vcp.de\/pfadfinden\/allgemein\/karlsstipendium-fuer-den-vcp\/\" target=\"_self\"  ><img loading=\"lazy\" decoding=\"async\" width=\"1180\" height=\"1301\" src=\"https:\/\/vcp.de\/pfadfinden\/wp-content\/uploads\/2019\/05\/IMG_2807-e1557239171386.jpg\" class=\"attachment-post-thumbnail size-post-thumbnail wp-post-image\" alt=\"KarlsStipendium f\u00fcr den VCP\" style=\"width:100%;height:100%;object-fit:cover;\" \/><\/a><\/figure><\/div>\n\n\n\n<div class=\"wp-block-column is-layout-flow wp-block-column-is-layout-flow\" style=\"flex-basis:66.66%\"><h5 class=\"wp-block-post-title\"><a href=\"https:\/\/vcp.de\/pfadfinden\/allgemein\/karlsstipendium-fuer-den-vcp\/\" target=\"_self\" >KarlsStipendium f\u00fcr den VCP<\/a><\/h5>\n\n<div class=\"wp-block-post-excerpt\"><p class=\"wp-block-post-excerpt__excerpt\">F\u00fcr viele ist es ein Schimpfwort, f\u00fcr uns ist es ein Kompliment: Weltverbesserer zu sein und Weltverbesserer auszubilden, ist unsere&hellip;<\/p><p class=\"wp-block-post-excerpt__more-text\"><a class=\"wp-block-post-excerpt__more-link\" href=\"https:\/\/vcp.de\/pfadfinden\/allgemein\/karlsstipendium-fuer-den-vcp\/\">Weiterlesen<\/a><\/p><\/div><\/div>\n<\/div>\n\n\n\n<hr class=\"wp-block-separator has-alpha-channel-opacity\"\/>\n\n<\/li><\/ul>\n\n\n\n<\/div>\n","protected":false},"excerpt":{"rendered":"<p>Bis zum 31. Mai bewerben f\u00fcr das Wintersemester 2020\/21 Gemeinsam mit der Karlshochschule schreibt der VCP ein Vollstipendium f\u00fcr ein Studium an der Karls aus, auf das sich alle aktiven Pfadfinder*innen des VCPs bewerben k\u00f6nnen. F\u00fcr das Wintersemester 2019\/2020 wurden neben dem Vollstipendium sogar ein paar Teilstipendien f\u00fcr VCPer*innen vergeben. Somit gibt es mittlerweile eine [&hellip;]<\/p>\n","protected":false},"author":52,"featured_media":14607,"comment_status":"closed","ping_status":"open","sticky":false,"template":"","format":"standard","meta":{"_acf_changed":false,"inline_featured_image":false,"footnotes":""},"categories":[1,419],"tags":[391,245,361],"class_list":["post-16384","post","type-post","status-publish","format-standard","has-post-thumbnail","hentry","category-allgemein","category-auf-neuem-pfad","tag-anp2001","tag-dies-und-das","tag-stipendium"],"acf":[],"_links":{"self":[{"href":"https:\/\/vcp.de\/pfadfinden\/wp-json\/wp\/v2\/posts\/16384","targetHints":{"allow":["GET"]}}],"collection":[{"href":"https:\/\/vcp.de\/pfadfinden\/wp-json\/wp\/v2\/posts"}],"about":[{"href":"https:\/\/vcp.de\/pfadfinden\/wp-json\/wp\/v2\/types\/post"}],"author":[{"embeddable":true,"href":"https:\/\/vcp.de\/pfadfinden\/wp-json\/wp\/v2\/users\/52"}],"replies":[{"embeddable":true,"href":"https:\/\/vcp.de\/pfadfinden\/wp-json\/wp\/v2\/comments?post=16384"}],"version-history":[{"count":2,"href":"https:\/\/vcp.de\/pfadfinden\/wp-json\/wp\/v2\/posts\/16384\/revisions"}],"predecessor-version":[{"id":37001,"href":"https:\/\/vcp.de\/pfadfinden\/wp-json\/wp\/v2\/posts\/16384\/revisions\/37001"}],"wp:featuredmedia":[{"embeddable":true,"href":"https:\/\/vcp.de\/pfadfinden\/wp-json\/wp\/v2\/media\/14607"}],"wp:attachment":[{"href":"https:\/\/vcp.de\/pfadfinden\/wp-json\/wp\/v2\/media?parent=16384"}],"wp:term":[{"taxonomy":"category","embeddable":true,"href":"https:\/\/vcp.de\/pfadfinden\/wp-json\/wp\/v2\/categories?post=16384"},{"taxonomy":"post_tag","embeddable":true,"href":"https:\/\/vcp.de\/pfadfinden\/wp-json\/wp\/v2\/tags?post=16384"}],"curies":[{"name":"wp","href":"https:\/\/api.w.org\/{rel}","templated":true}]}}