{"id":16105,"date":"2020-04-07T08:02:13","date_gmt":"2020-04-07T06:02:13","guid":{"rendered":"https:\/\/www.vcp.de\/pfadfinden\/?p=16105"},"modified":"2023-01-14T09:10:14","modified_gmt":"2023-01-14T08:10:14","slug":"wir-pfadfinden-fuer-nachhaltige-entwicklung-2","status":"publish","type":"post","link":"https:\/\/vcp.de\/pfadfinden\/allgemein\/wir-pfadfinden-fuer-nachhaltige-entwicklung-2\/","title":{"rendered":"Wir Pfadfinden f\u00fcr nachhaltige Entwicklung!"},"content":{"rendered":"<p>Gestatten, wir sind die Arbeitsgruppe \u201ePfadfinden f\u00fcr nachhaltige Entwicklung\u201c im Ring deutscher Pfadfinderinnen und Pfadfinderverb\u00e4nde (rdp).<\/p>\n<p>Gemeinsam arbeiten wir verb\u00e4nde\u00fcbergreifend daran, die Ziele f\u00fcr nachhaltige Entwicklung (Sustainable Development Goals, SDGs) bekannt(er) zu machen und in unsere Gruppen und St\u00e4mme zu tragen. Im Austausch miteinander koordinieren wir Aktivit\u00e4ten zur Erreichung und Umsetzung der Agenda 2030 der Vereinten Nationen.<\/p>\n<p>In den kommenden Monaten wollen wir euch auf Instagram auf der Seite von \u201ePfadfinden in Deutschland\u201c jeweils am 17. eines jeden Monats mehr zu den Zielen vorstellen. Bereits jetzt setzen sich Pfadfinder*innen deutschlandweit f\u00fcr eine bessere Welt im Sinne der #SDGs ein.<\/p>\n<p>Besonders gespannt sind wir deshalb auch auf eure Projekte und darauf, voneinander zu lernen. Mehr dazu innerhalb des Fragebogens. Wir freuen uns \u00fcber eure Fragen und Ideen per E\u00adMail an <a href=\"mailto:17ziele@pfadfinden-in-deutschland.de\">17ziele@pfadfinden-in-deutschland.de<\/a>.<\/p>\n<p>Hinter dem <a href=\"https:\/\/formulare.meinbdp.de\/index.php\/557466\" target=\"_blank\" rel=\"noopener noreferrer\">Link<\/a> verstecken sich ein kleiner Fragebogen und eine kleine Mitmachaktion zu den SDGs. Wir freuen uns, wenn ihr euch zum Ausf\u00fcllen daf\u00fcr ein paar Minuten Zeit nehmt.<\/p>\n<p><a href=\"https:\/\/formulare.meinbdp.de\/index.php\/557466\" target=\"_blank\" rel=\"noopener noreferrer\">formulare.meinbdp.de\/index.php\/557466<br \/>\n<\/a><\/p>\n","protected":false},"excerpt":{"rendered":"<p>Gestatten, wir sind die Arbeitsgruppe \u201ePfadfinden f\u00fcr nachhaltige Entwicklung\u201c im Ring deutscher Pfadfinderinnen und Pfadfinderverb\u00e4nde (rdp). Gemeinsam arbeiten wir verb\u00e4nde\u00fcbergreifend daran, die Ziele f\u00fcr nachhaltige Entwicklung (Sustainable Development Goals, SDGs) bekannt(er) zu machen und in unsere Gruppen und St\u00e4mme zu tragen. Im Austausch miteinander koordinieren wir Aktivit\u00e4ten zur Erreichung und Umsetzung der Agenda 2030 der [&hellip;]<\/p>\n","protected":false},"author":52,"featured_media":16107,"comment_status":"closed","ping_status":"open","sticky":false,"template":"","format":"standard","meta":{"_acf_changed":false,"inline_featured_image":false,"footnotes":""},"categories":[1,419],"tags":[229,391,35],"class_list":["post-16105","post","type-post","status-publish","format-standard","has-post-thumbnail","hentry","category-allgemein","category-auf-neuem-pfad","tag-ankommen","tag-anp2001","tag-nachhaltigkeit"],"acf":[],"_links":{"self":[{"href":"https:\/\/vcp.de\/pfadfinden\/wp-json\/wp\/v2\/posts\/16105","targetHints":{"allow":["GET"]}}],"collection":[{"href":"https:\/\/vcp.de\/pfadfinden\/wp-json\/wp\/v2\/posts"}],"about":[{"href":"https:\/\/vcp.de\/pfadfinden\/wp-json\/wp\/v2\/types\/post"}],"author":[{"embeddable":true,"href":"https:\/\/vcp.de\/pfadfinden\/wp-json\/wp\/v2\/users\/52"}],"replies":[{"embeddable":true,"href":"https:\/\/vcp.de\/pfadfinden\/wp-json\/wp\/v2\/comments?post=16105"}],"version-history":[{"count":1,"href":"https:\/\/vcp.de\/pfadfinden\/wp-json\/wp\/v2\/posts\/16105\/revisions"}],"predecessor-version":[{"id":28540,"href":"https:\/\/vcp.de\/pfadfinden\/wp-json\/wp\/v2\/posts\/16105\/revisions\/28540"}],"wp:featuredmedia":[{"embeddable":true,"href":"https:\/\/vcp.de\/pfadfinden\/wp-json\/wp\/v2\/media\/16107"}],"wp:attachment":[{"href":"https:\/\/vcp.de\/pfadfinden\/wp-json\/wp\/v2\/media?parent=16105"}],"wp:term":[{"taxonomy":"category","embeddable":true,"href":"https:\/\/vcp.de\/pfadfinden\/wp-json\/wp\/v2\/categories?post=16105"},{"taxonomy":"post_tag","embeddable":true,"href":"https:\/\/vcp.de\/pfadfinden\/wp-json\/wp\/v2\/tags?post=16105"}],"curies":[{"name":"wp","href":"https:\/\/api.w.org\/{rel}","templated":true}]}}