{"id":16017,"date":"2020-03-24T21:20:55","date_gmt":"2020-03-24T20:20:55","guid":{"rendered":"https:\/\/www.vcp.de\/pfadfinden\/?p=16017"},"modified":"2020-03-26T10:00:18","modified_gmt":"2020-03-26T09:00:18","slug":"umfrage-vcp-pfadfinderinnenplatz-grosszerlang","status":"publish","type":"post","link":"https:\/\/vcp.de\/pfadfinden\/allgemein\/umfrage-vcp-pfadfinderinnenplatz-grosszerlang\/","title":{"rendered":"Umfrage VCP &#8211; Pfadfinder*innenplatz &#8211; Gro\u00dfzerlang"},"content":{"rendered":"<p>Wir m\u00f6chten Deinen VCP-Bundeszeltplatz in Gro\u00dfzerlang so gestalten, wie Du es m\u00f6chtest. Aber daf\u00fcr brauchen wir Deine Meinung! Jeder darf teilnehmen. Dabei ist egal ob Du schon einmal da warst oder unseren Bundeszeltplatz erst auf dem Bundeslager 2022 kennen lernen wirst.<\/p>\n<p><strong>Euch erwarten folgende Fragen:<\/strong><\/p>\n<ul>\n<li>Wie alt bist Du?<\/li>\n<li>Aus welchem VCP-Land kommst Du?<\/li>\n<li>Warst Du schon einmal auf dem VCP-Bundeszeltplatz in Gro\u00dfzerlang?<\/li>\n<li>Welche Gesamtnote w\u00fcrdest Du dem BZG geben?<\/li>\n<li>Was hat Dir gut gefallen?<\/li>\n<li>Was hat Dir gefehlt\/nicht gefallen?<\/li>\n<li>Was w\u00e4ren Deine W\u00fcnsche f\u00fcr DEN perfekten VCP-Bundeszeltplatz?<\/li>\n<\/ul>\n<p>Umfrage: <a href=\"https:\/\/go.vcp.de\/umfrage-bzg\" target=\"_blank\" rel=\"noopener noreferrer\">https:\/\/go.vcp.de\/umfrage-bzg<\/a><\/p>\n","protected":false},"excerpt":{"rendered":"<p>Wir m\u00f6chten Deinen VCP-Bundeszeltplatz in Gro\u00dfzerlang so gestalten, wie Du es m\u00f6chtest. Aber daf\u00fcr brauchen wir Deine Meinung! Jeder darf teilnehmen. Dabei ist egal ob Du schon einmal da warst oder unseren Bundeszeltplatz erst auf dem Bundeslager 2022 kennen lernen wirst. Euch erwarten folgende Fragen: Wie alt bist Du? Aus welchem VCP-Land kommst Du? Warst [&hellip;]<\/p>\n","protected":false},"author":3,"featured_media":15640,"comment_status":"closed","ping_status":"open","sticky":false,"template":"","format":"standard","meta":{"_acf_changed":false,"inline_featured_image":false,"footnotes":""},"categories":[1,383],"tags":[],"class_list":["post-16017","post","type-post","status-publish","format-standard","has-post-thumbnail","hentry","category-allgemein","category-gegen-das-virus"],"acf":[],"_links":{"self":[{"href":"https:\/\/vcp.de\/pfadfinden\/wp-json\/wp\/v2\/posts\/16017","targetHints":{"allow":["GET"]}}],"collection":[{"href":"https:\/\/vcp.de\/pfadfinden\/wp-json\/wp\/v2\/posts"}],"about":[{"href":"https:\/\/vcp.de\/pfadfinden\/wp-json\/wp\/v2\/types\/post"}],"author":[{"embeddable":true,"href":"https:\/\/vcp.de\/pfadfinden\/wp-json\/wp\/v2\/users\/3"}],"replies":[{"embeddable":true,"href":"https:\/\/vcp.de\/pfadfinden\/wp-json\/wp\/v2\/comments?post=16017"}],"version-history":[{"count":0,"href":"https:\/\/vcp.de\/pfadfinden\/wp-json\/wp\/v2\/posts\/16017\/revisions"}],"wp:featuredmedia":[{"embeddable":true,"href":"https:\/\/vcp.de\/pfadfinden\/wp-json\/wp\/v2\/media\/15640"}],"wp:attachment":[{"href":"https:\/\/vcp.de\/pfadfinden\/wp-json\/wp\/v2\/media?parent=16017"}],"wp:term":[{"taxonomy":"category","embeddable":true,"href":"https:\/\/vcp.de\/pfadfinden\/wp-json\/wp\/v2\/categories?post=16017"},{"taxonomy":"post_tag","embeddable":true,"href":"https:\/\/vcp.de\/pfadfinden\/wp-json\/wp\/v2\/tags?post=16017"}],"curies":[{"name":"wp","href":"https:\/\/api.w.org\/{rel}","templated":true}]}}