{"id":15986,"date":"2020-03-24T13:08:59","date_gmt":"2020-03-24T12:08:59","guid":{"rendered":"https:\/\/www.vcp.de\/pfadfinden\/?p=15986"},"modified":"2020-04-01T11:38:16","modified_gmt":"2020-04-01T09:38:16","slug":"bastel-dir-dein-pfadi-lager","status":"publish","type":"post","link":"https:\/\/vcp.de\/pfadfinden\/allgemein\/bastel-dir-dein-pfadi-lager\/","title":{"rendered":"Bastel dir dein Pfadi-Lager"},"content":{"rendered":"<p>Du schaust sehns\u00fcchtig nach drau\u00dfen und freust dich schon auf das n\u00e4chste Pfadi-Lager, bist aber unsicher, ob es stattfinden wird?<\/p>\n<p>Bau dir in der Zwischenzeit dein eigenes Pfadilager! Hier findest du eine Bastelanleitung aus der anp 01\/1999<\/p>\n<p><a href=\"https:\/\/www.vcp.de\/pfadfinden\/wp-content\/uploads\/2020\/03\/Pfadi-Bastelbogen-Seite1.pdf\" target=\"_blank\" rel=\"noopener noreferrer\">Pfadi-Bastelbogen-Seite1<\/a><\/p>\n<p><a href=\"https:\/\/www.vcp.de\/pfadfinden\/wp-content\/uploads\/2020\/03\/Pfadi-Bastelbogen-Seite2.pdf\" target=\"_blank\" rel=\"noopener noreferrer\">Pfadi-Bastelbogen-Seite2<\/a><\/p>\n<p>Nat\u00fcrlich kannst du noch beliebig Lagerbauten erg\u00e4nzen.<\/p>\n<div id='gallery-1' class='gallery galleryid-15986 gallery-columns-3 gallery-size-thumbnail'><figure class='gallery-item'>\n\t\t\t<div class='gallery-icon landscape'>\n\t\t\t\t<a href='https:\/\/vcp.de\/pfadfinden\/allgemein\/bastel-dir-dein-pfadi-lager\/attachment\/bastelbogen-psg_vcp-stamm-nemeta-von-melanie-kaminski-1\/'><img loading=\"lazy\" decoding=\"async\" width=\"150\" height=\"150\" src=\"https:\/\/vcp.de\/pfadfinden\/wp-content\/uploads\/2020\/03\/Bastelbogen-PSG_VCP-Stamm-Nemeta-von-Melanie-Kaminski-1-150x150.jpg\" class=\"attachment-thumbnail size-thumbnail\" alt=\"\" aria-describedby=\"gallery-1-16297\" srcset=\"https:\/\/vcp.de\/pfadfinden\/wp-content\/uploads\/2020\/03\/Bastelbogen-PSG_VCP-Stamm-Nemeta-von-Melanie-Kaminski-1-150x150.jpg 150w, https:\/\/vcp.de\/pfadfinden\/wp-content\/uploads\/2020\/03\/Bastelbogen-PSG_VCP-Stamm-Nemeta-von-Melanie-Kaminski-1-45x45.jpg 45w\" sizes=\"auto, (max-width: 150px) 100vw, 150px\" \/><\/a>\n\t\t\t<\/div>\n\t\t\t\t<figcaption class='wp-caption-text gallery-caption' id='gallery-1-16297'>\n\t\t\t\tErfolgreich gebastelt vom PSG\/VCP Stamm Nemeta von Melanie Kaminski\n\t\t\t\t<\/figcaption><\/figure><figure class='gallery-item'>\n\t\t\t<div class='gallery-icon landscape'>\n\t\t\t\t<a href='https:\/\/vcp.de\/pfadfinden\/allgemein\/bastel-dir-dein-pfadi-lager\/attachment\/bastelbogen-psg_vcp-stamm-nemeta-von-melanie-kaminski-2\/'><img loading=\"lazy\" decoding=\"async\" width=\"150\" height=\"150\" src=\"https:\/\/vcp.de\/pfadfinden\/wp-content\/uploads\/2020\/03\/Bastelbogen-PSG_VCP-Stamm-Nemeta-von-Melanie-Kaminski-2-150x150.jpg\" class=\"attachment-thumbnail size-thumbnail\" alt=\"\" aria-describedby=\"gallery-1-16298\" srcset=\"https:\/\/vcp.de\/pfadfinden\/wp-content\/uploads\/2020\/03\/Bastelbogen-PSG_VCP-Stamm-Nemeta-von-Melanie-Kaminski-2-150x150.jpg 150w, https:\/\/vcp.de\/pfadfinden\/wp-content\/uploads\/2020\/03\/Bastelbogen-PSG_VCP-Stamm-Nemeta-von-Melanie-Kaminski-2-45x45.jpg 45w\" sizes=\"auto, (max-width: 150px) 100vw, 150px\" \/><\/a>\n\t\t\t<\/div>\n\t\t\t\t<figcaption class='wp-caption-text gallery-caption' id='gallery-1-16298'>\n\t\t\t\tErfolgreich gebastelt vom PSG\/VCP Stamm Nemeta von Melanie Kaminski\n\t\t\t\t<\/figcaption><\/figure><figure class='gallery-item'>\n\t\t\t<div class='gallery-icon landscape'>\n\t\t\t\t<a href='https:\/\/vcp.de\/pfadfinden\/allgemein\/bastel-dir-dein-pfadi-lager\/attachment\/bastelbogen-psg_vcp-stamm-nemeta-von-melanie-kaminski-3\/'><img loading=\"lazy\" decoding=\"async\" width=\"150\" height=\"150\" src=\"https:\/\/vcp.de\/pfadfinden\/wp-content\/uploads\/2020\/03\/Bastelbogen-PSG_VCP-Stamm-Nemeta-von-Melanie-Kaminski-3-150x150.jpg\" class=\"attachment-thumbnail size-thumbnail\" alt=\"\" aria-describedby=\"gallery-1-16299\" srcset=\"https:\/\/vcp.de\/pfadfinden\/wp-content\/uploads\/2020\/03\/Bastelbogen-PSG_VCP-Stamm-Nemeta-von-Melanie-Kaminski-3-150x150.jpg 150w, https:\/\/vcp.de\/pfadfinden\/wp-content\/uploads\/2020\/03\/Bastelbogen-PSG_VCP-Stamm-Nemeta-von-Melanie-Kaminski-3-45x45.jpg 45w\" sizes=\"auto, (max-width: 150px) 100vw, 150px\" \/><\/a>\n\t\t\t<\/div>\n\t\t\t\t<figcaption class='wp-caption-text gallery-caption' id='gallery-1-16299'>\n\t\t\t\tErfolgreich gebastelt vom PSG\/VCP Stamm Nemeta von Melanie Kaminski\n\t\t\t\t<\/figcaption><\/figure>\n\t\t<\/div>\n\n<p>Vielleicht machen auch noch andere aus deiner Sippe mit und wenn ihr euch wieder treffen k\u00f6nnt, k\u00f6nnt ihr ein Gro\u00dflager nachstellen!<\/p>\n<p>Viel Spa\u00df beim Basteln!<\/p>\n","protected":false},"excerpt":{"rendered":"<p>Du schaust sehns\u00fcchtig nach drau\u00dfen und freust dich schon auf das n\u00e4chste Pfadi-Lager, bist aber unsicher, ob es stattfinden wird? Bau dir in der Zwischenzeit dein eigenes Pfadilager! Hier findest du eine Bastelanleitung aus der anp 01\/1999 Pfadi-Bastelbogen-Seite1 Pfadi-Bastelbogen-Seite2 Nat\u00fcrlich kannst du noch beliebig Lagerbauten erg\u00e4nzen. Vielleicht machen auch noch andere aus deiner Sippe mit [&hellip;]<\/p>\n","protected":false},"author":52,"featured_media":15988,"comment_status":"closed","ping_status":"open","sticky":false,"template":"","format":"standard","meta":{"_acf_changed":false,"inline_featured_image":false,"footnotes":""},"categories":[1,387],"tags":[],"class_list":["post-15986","post","type-post","status-publish","format-standard","has-post-thumbnail","hentry","category-allgemein","category-kreative-ideen"],"acf":[],"_links":{"self":[{"href":"https:\/\/vcp.de\/pfadfinden\/wp-json\/wp\/v2\/posts\/15986","targetHints":{"allow":["GET"]}}],"collection":[{"href":"https:\/\/vcp.de\/pfadfinden\/wp-json\/wp\/v2\/posts"}],"about":[{"href":"https:\/\/vcp.de\/pfadfinden\/wp-json\/wp\/v2\/types\/post"}],"author":[{"embeddable":true,"href":"https:\/\/vcp.de\/pfadfinden\/wp-json\/wp\/v2\/users\/52"}],"replies":[{"embeddable":true,"href":"https:\/\/vcp.de\/pfadfinden\/wp-json\/wp\/v2\/comments?post=15986"}],"version-history":[{"count":0,"href":"https:\/\/vcp.de\/pfadfinden\/wp-json\/wp\/v2\/posts\/15986\/revisions"}],"wp:featuredmedia":[{"embeddable":true,"href":"https:\/\/vcp.de\/pfadfinden\/wp-json\/wp\/v2\/media\/15988"}],"wp:attachment":[{"href":"https:\/\/vcp.de\/pfadfinden\/wp-json\/wp\/v2\/media?parent=15986"}],"wp:term":[{"taxonomy":"category","embeddable":true,"href":"https:\/\/vcp.de\/pfadfinden\/wp-json\/wp\/v2\/categories?post=15986"},{"taxonomy":"post_tag","embeddable":true,"href":"https:\/\/vcp.de\/pfadfinden\/wp-json\/wp\/v2\/tags?post=15986"}],"curies":[{"name":"wp","href":"https:\/\/api.w.org\/{rel}","templated":true}]}}