{"id":15817,"date":"2020-03-16T16:46:12","date_gmt":"2020-03-16T15:46:12","guid":{"rendered":"https:\/\/www.vcp.de\/pfadfinden\/?p=15817"},"modified":"2023-02-01T15:56:19","modified_gmt":"2023-02-01T14:56:19","slug":"gegen-hetze-im-netz","status":"publish","type":"post","link":"https:\/\/vcp.de\/pfadfinden\/allgemein\/gegen-hetze-im-netz\/","title":{"rendered":"Gegen Hetze im Netz &#8211; nutzt die Zeit"},"content":{"rendered":"<p>Die Klimaaktivistin Greta Thunberg wird in einer Talkshow des US-Senders \u201eFox News\u201c von Michael Knowls als \u201egeistig krankes, schwedisches Kind\u201c beschimpft. Die Journalistin Nemi El-Hassan muss Kommentare wie: \u201eDu St\u00fcck M\u00fcll laberst nur Schei\u00dfe, verpiss dich in dein Terrorland\u201c \u00fcber sich lesen.<\/p>\n<p>Erschrecken dich auch oft die die Kommentare auf Facebook und Co? Nimmst du dir auch jedes Mal vor Gegenrede zu schreiben? Machst es aber dann doch nicht? Weil du nicht wei\u00df, was du schreiben sollst? Weil du keine Zeit hast?<\/p>\n<h3>Nutzt doch die ausgefallene Pfadi-Gruppenstunde und melde dich gemeinsam mit deiner Gruppe bei <a href=\"https:\/\/love-storm.de\/\">https:\/\/love-storm.de\/<\/a> an. Auf LOVE-Storm kannst du Gegenrede online trainieren, an Aktionen gegen Hass im Netz teilnehmen, Hasskommentare melden und dich mit anderen Aktiven austauschen. Die Angegriffenen werden gesch\u00fctzt, Zuschauer*innen zur Zivilcourage ermutigt und den Angreifer*innen werden gewaltfrei Grenzen gesetzt.<\/h3>\n<p>Termine zu den Online-Trainings findet ihr auf <a href=\"https:\/\/love-storm.de.\">https:\/\/love-storm.de.<\/a> Ab vier Personen k\u00f6nnt ihr das Online-Seminar zu eurem Wunschtermin bekommen.<\/p>\n<blockquote class=\"wp-embedded-content\" data-secret=\"LFdZCCHcLW\"><p><a href=\"https:\/\/www.vcp.de\/pfadfinden\/aus-dem-verband\/achtsamundaktiv\/cool-bleiben-im-netz\/\">Cool bleiben im Netz!<\/a><\/p><\/blockquote>\n<p><iframe loading=\"lazy\" class=\"wp-embedded-content\" sandbox=\"allow-scripts\" security=\"restricted\" style=\"position: absolute; visibility: hidden;\" title=\"&#8222;Cool bleiben im Netz!&#8220; &#8212; VCP-Blog\" src=\"https:\/\/www.vcp.de\/pfadfinden\/aus-dem-verband\/achtsamundaktiv\/cool-bleiben-im-netz\/embed\/#?secret=2Lid0b52dn#?secret=LFdZCCHcLW\" data-secret=\"LFdZCCHcLW\" width=\"600\" height=\"338\" frameborder=\"0\" marginwidth=\"0\" marginheight=\"0\" scrolling=\"no\"><\/iframe><\/p>\n","protected":false},"excerpt":{"rendered":"<p>Die Klimaaktivistin Greta Thunberg wird in einer Talkshow des US-Senders \u201eFox News\u201c von Michael Knowls als \u201egeistig krankes, schwedisches Kind\u201c beschimpft. Die Journalistin Nemi El-Hassan muss Kommentare wie: \u201eDu St\u00fcck M\u00fcll laberst nur Schei\u00dfe, verpiss dich in dein Terrorland\u201c \u00fcber sich lesen. Erschrecken dich auch oft die die Kommentare auf Facebook und Co? Nimmst du [&hellip;]<\/p>\n","protected":false},"author":52,"featured_media":11026,"comment_status":"closed","ping_status":"open","sticky":false,"template":"","format":"standard","meta":{"_acf_changed":false,"inline_featured_image":false,"footnotes":""},"categories":[1,383,387],"tags":[],"class_list":["post-15817","post","type-post","status-publish","format-standard","has-post-thumbnail","hentry","category-allgemein","category-gegen-das-virus","category-kreative-ideen"],"acf":[],"_links":{"self":[{"href":"https:\/\/vcp.de\/pfadfinden\/wp-json\/wp\/v2\/posts\/15817","targetHints":{"allow":["GET"]}}],"collection":[{"href":"https:\/\/vcp.de\/pfadfinden\/wp-json\/wp\/v2\/posts"}],"about":[{"href":"https:\/\/vcp.de\/pfadfinden\/wp-json\/wp\/v2\/types\/post"}],"author":[{"embeddable":true,"href":"https:\/\/vcp.de\/pfadfinden\/wp-json\/wp\/v2\/users\/52"}],"replies":[{"embeddable":true,"href":"https:\/\/vcp.de\/pfadfinden\/wp-json\/wp\/v2\/comments?post=15817"}],"version-history":[{"count":1,"href":"https:\/\/vcp.de\/pfadfinden\/wp-json\/wp\/v2\/posts\/15817\/revisions"}],"predecessor-version":[{"id":28900,"href":"https:\/\/vcp.de\/pfadfinden\/wp-json\/wp\/v2\/posts\/15817\/revisions\/28900"}],"wp:featuredmedia":[{"embeddable":true,"href":"https:\/\/vcp.de\/pfadfinden\/wp-json\/wp\/v2\/media\/11026"}],"wp:attachment":[{"href":"https:\/\/vcp.de\/pfadfinden\/wp-json\/wp\/v2\/media?parent=15817"}],"wp:term":[{"taxonomy":"category","embeddable":true,"href":"https:\/\/vcp.de\/pfadfinden\/wp-json\/wp\/v2\/categories?post=15817"},{"taxonomy":"post_tag","embeddable":true,"href":"https:\/\/vcp.de\/pfadfinden\/wp-json\/wp\/v2\/tags?post=15817"}],"curies":[{"name":"wp","href":"https:\/\/api.w.org\/{rel}","templated":true}]}}