{"id":15768,"date":"2020-03-13T07:01:27","date_gmt":"2020-03-13T06:01:27","guid":{"rendered":"https:\/\/www.vcp.de\/pfadfinden\/?p=15768"},"modified":"2020-03-16T16:51:12","modified_gmt":"2020-03-16T15:51:12","slug":"entscheidungen-und-empfehlungen-zur-corona-pandemie-fuer-stammes-landes-und-bundesebene","status":"publish","type":"post","link":"https:\/\/vcp.de\/pfadfinden\/gegen-das-virus\/entscheidungen-und-empfehlungen-zur-corona-pandemie-fuer-stammes-landes-und-bundesebene\/","title":{"rendered":"Entscheidungen und Empfehlungen zur Corona-Pandemie f\u00fcr Stammes-, Landes-, und Bundesebene"},"content":{"rendered":"<p>Liebe VCPer*innen,<\/p>\n<p>die Erkrankungsf\u00e4lle mit dem Coronavirus (COVID-19) sind derzeit in aller Munde. In den vergangenen Tagen sind viele Menschen mit ihren \u00c4ngsten und Bedenken \u2013 auch mit der Bitte um Orientierung &#8211; in Bezug auf VCP-Aktivit\u00e4ten auf uns zugekommen.<br \/>\nAls Bundesvorstand nehmen wir diese Anfragen sehr ernst und verfolgen auch selbst seit Tagen die aktuelle Situation in Deutschland, Europa und der Welt und versuchen diese und ihre Auswirkungen auf unsere T\u00e4tigkeiten einzusch\u00e4tzen.<\/p>\n<p>Wir verstehen, dass die aktuelle Situation zur Beunruhigung und zu Unsicherheiten bei Eltern, Kindern und unseren Leiter*innen auf allen Ebenen des Verbandes f\u00fchrt.<br \/>\nDie Sicherheit unserer Mitglieder hat f\u00fcr uns oberste Priorit\u00e4t, daher orientieren wir uns als Bundesebene des VCP nach den Empfehlungen des Robert-Koch-Instituts (RKI) und der Bundeszentrale f\u00fcr gesundheitliche Aufkl\u00e4rung.<\/p>\n<h2>Auf Bundesebene:<\/h2>\n<h3>Keine Veranstaltungen im M\u00e4rz und April<\/h3>\n<p>Bereits ein fl\u00fcchtiger Blick in die RKI-Prinzipien zur <a href=\"https:\/\/www.rki.de\/DE\/Content\/InfAZ\/N\/Neuartiges_Coronavirus\/Risiko_Grossveranstaltungen.pdf?__blob=publicationFile\">Risikoeinsch\u00e4tzung f\u00fcr Gro\u00dfveranstaltungen<\/a> zeigt, dass bei VCP-Veranstaltungen einige Risikokriterien zutreffen:<\/p>\n<ul>\n<li>\u201eZusammenkunft einer gr\u00f6\u00dferen Anzahl von Menschen bei hoher Dichte\u201c,<\/li>\n<li>\u201eTeilnahme von Menschen aus Regionen mit geh\u00e4uftem Auftreten von COVID-19-F\u00e4llen\u201c<\/li>\n<li>\u201ehohe Anzahl und Intensit\u00e4t der Kontaktm\u00f6glichkeiten\u201c,<\/li>\n<li>\u201eenge Interaktion zwischen den Teilnehmenden\u201c,<\/li>\n<li>\u201elange Dauer der Veranstaltung\u201c,<\/li>\n<li>\u201eIndoor-Veranstaltungen mit begrenzten R\u00e4umlichkeiten und schlechter Bel\u00fcftung der R\u00e4ume\u201c,<\/li>\n<li>\u201ebegrenzte M\u00f6glichkeiten zur ausreichenden H\u00e4ndehygiene\u201c<\/li>\n<\/ul>\n<p>Bei Veranstaltungen auf Bundesebene kommen Teilnehmer*innen aus ganz Deutschland und auch dar\u00fcber hinaus zusammen. Durch r\u00e4umliche Gegebenheiten und unsere herzliche pfadfinderische Art, entsteht h\u00e4ufig enger Kontakt und Austausch unter den Teilnehmenden.<\/p>\n<p>Wir wollen als Verband unserer gesellschaftlichen Verantwortung gerecht werden, eine Ausbreitung des Virus zu verlangsamen. <strong>Daher werden auf VCP-Bundesebene im M\u00e4rz und im April keine Veranstaltungen stattfinden.<\/strong> Dies haben wir als Bundesvorstand am 12. M\u00e4rz 2020 entschieden. Im April werden wir die Lage neu bewerten und euch erneut informieren.<\/p>\n<h3>Verschiebung der Bundesversammlung<\/h3>\n<p>Nach intensiver Beratung haben wir au\u00dferdem beschlossen, dass wir die Bundesversammlung im Juni verschieben werden. Eine wichtige Grundlage f\u00fcr unsere Entscheidung sind aktuell ausfallende bzw. verschobene Landesversammlungen. Wir m\u00f6chten euch in den L\u00e4ndern ausreichend Zeit geben und Druck nehmen, euch mit den Themen des Bundes und euren eigenen Themen, die ihr evtl. mit einbringen wollt zu befassen.\u00a0 Mit einer Verschiebung der Bundesversammlung tun wir dies. <strong>Der voraussichtlich neue Termin f\u00e4llt auf das Wochenende 11.-13. September 2020.<\/strong><\/p>\n<h3>Unsere Empfehlung f\u00fcr die Landesebene<\/h3>\n<p>Sind bei euch auf Landesebene Veranstaltungen\/Schulungen oder andere Aktionen mit \u00e4hnlichen Bedingungen geplant, die unter die von uns benannte Risikobewertung fallen, dann lautet unsere Empfehlung an euch: <strong>Schlie\u00dft euch unserer Entscheidung an<\/strong>, lasst uns gemeinsam gesellschaftliche Verantwortung \u00fcbernehmen und eine Ausbreitung mit verlangsamen!<\/p>\n<h3>Virtuelle Veranstaltungen<\/h3>\n<p>Ihr habt Gruppenstunden, Leitungsrunden, Sitzungen auf Bezirks-\/Landesebene, Vorbereitungskreise oder auch Veranstaltungen, die ihr von echten Treffen ins Virtuelle verlegen wollt? Wendet euch an unsere Bundeszentrale, wir bieten Unterst\u00fctzung bei der Durchf\u00fchrung von <strong>Webkonferenzen<\/strong> an. Wir haben unsere Zoom-Lizenzen aufgestockt und bieten euch die Nutzung an. Wendet euch einfach, zeitig vor eurem Termin an: Tobias Schwick, Telefon: 0561\/78437 \u201315 oder E-Mail: <a href=\"mailto:webko@vcp.de\">webko@vcp.de<\/a><\/p>\n<h2>F\u00fcr Gruppenstunden und Veranstaltungen in den kommenden Wochen empfehlen wir:<\/h2>\n<ul>\n<li>Ruhe bewahren: Es gibt keinen Anlass zur Panik, alle Ma\u00dfnahmen, die getroffen werden, sollten entsprechend verh\u00e4ltnism\u00e4\u00dfig sein. Es gibt aktuell keinen Grund, pauschal alle Gruppenstunden oder Veranstaltungen abzusagen. Bitte achtet bei der Gestaltung eurer Gruppenstunden darauf, grundlegende <strong>Vorsichtsma\u00dfnahmen<\/strong> zu beachten, beispielsweise: Gibt es die M\u00f6glichkeit die H\u00e4nde zu waschen? W\u00e4hlt Aktivit\u00e4ten und Spiele ohne K\u00f6rperkontakt aus. L\u00fcftet regelm\u00e4\u00dfig. Wei\u00dft eure Gruppenkinder darauf hin mit Krankheitssymptomen zuhause zu bleiben und tut es selbst auch. \u00a0Auch k\u00f6nnen Gruppenstunden genutzt werden, um sich dem Thema \u201e<strong>Digitale Treffen<\/strong>\u201c zu widmen, wie das m\u00f6glich ist erfahrt ihr ja aus dem vorherigen Abschnitt.<\/li>\n<li>In besonders vom Virus betroffenen Gebieten raten wir Gruppenstunden und Veranstaltungen abzusagen. <strong>Orientiert euch bitte an den Handlungsempfehlungen der \u00f6rtlichen Beh\u00f6rden.<\/strong> Entscheidet sich die Gesundheitsbeh\u00f6rde beispielsweise zur Schlie\u00dfung von Schulen, so sollten in diesem Zeitraum Gruppenstunden oder Veranstaltungen abgesagt werden.<\/li>\n<li>Sollte es zu einem Corona-Verdachtsfall innerhalb eures Stammes kommen (Hinweis: Ein Verdachtsfall liegt nur dann vor, wenn eine Person die typischen Krankheitssymptome zeigt UND direkten Kontakt mit einem BEST\u00c4TIGTEN Corona-Patienten hatte oder in den letzten 14 Tagen in einem der offiziellen Risikogebiete gewesen ist), wendet euch ebenfalls an das zust\u00e4ndige Gesundheitsamt, das die weiteren Schritte mit euch besprechen wird. Bitte werdet in diesem Fall erst nach Abstimmung mit den Beh\u00f6rden und einer Risiko-Absch\u00e4tzung durch die Experten t\u00e4tig, um unn\u00f6tige Verunsicherung zu vermeiden.<\/li>\n<li>Achtet auf die Handhygienema\u00dfnahmen und die Verhaltensweisen bei Krankheitssymptomen: <a href=\"https:\/\/www.infektionsschutz.de\/coronavirus-sars-cov-2.html#c11965\">https:\/\/www.infektionsschutz.de\/coronavirus-sars-cov-2.html#c11965<\/a><\/li>\n<\/ul>\n<h2>Veranstaltungen in den n\u00e4chsten Monaten<\/h2>\n<p>F\u00fcr Veranstaltungen, die weiter in der Zukunft liegen ist aufgrund der unklaren Entwicklung derzeit noch keine Prognose m\u00f6glich. Wir empfehlen die Planungen der Veranstaltungen normal fortzusetzen, bei gr\u00f6\u00dferen Beauftragungen\/Buchungen aber die Storno-Bedingungen zu pr\u00fcfen. Es gibt heute keinen Grund, Pfingst- oder Sommerlager abzusagen &#8211; bei geplanten Reisen ins Ausland empfehlen wir die dortige Lage genau zu beobachten und die Empfehlungen des Ausw\u00e4rtigen Amtes zu beachten.<\/p>\n<p><strong>Weiterf\u00fchrende Informationen:<\/strong><\/p>\n<ul>\n<li>H\u00e4ufige Fragen: <a href=\"https:\/\/www.infektionsschutz.de\/coronavirus-sars-cov-2.html\">https:\/\/www.infektionsschutz.de\/coronavirus-sars-cov-2.html<\/a><\/li>\n<li>F\u00fcr Gruppenstunden geeignete Materialien zur Hygiene\/zum H\u00e4ndewaschen: <a href=\"https:\/\/www.infektionsschutz.de\/coronavirus-sars-cov-2.html#c11974\">https:\/\/www.infektionsschutz.de\/coronavirus-sars-cov-2.html#c11974<\/a><\/li>\n<li>Risikogebiete: <a href=\"https:\/\/www.rki.de\/DE\/Content\/InfAZ\/N\/Neuartiges_Coronavirus\/Risikogebiete.html\">https:\/\/www.rki.de\/DE\/Content\/InfAZ\/N\/Neuartiges_Coronavirus\/Risikogebiete.html<\/a><\/li>\n<li>Informationen zu Auslandsreisen: <a href=\"https:\/\/www.auswaertiges-amt.de\/de\/ReiseUndSicherheit\/covid-19\/2296762\">https:\/\/www.auswaertiges-amt.de\/de\/ReiseUndSicherheit\/covid-19\/2296762<\/a><\/li>\n<\/ul>\n<p>Wir beobachten die Lage weiterhin intensiv und halten euch auf dem Laufenden, falls sich neue Erkenntnisse ergeben, die abweichende Vorgehensweisen nahelegen.<\/p>\n<p>Achtet auf euch und bleibt gesund, herzlich Gut Pfad euer Bundesvorstand!<\/p>\n<p><em>Oliver Mahn\u00a0\u00a0\u00a0\u00a0\u00a0\u00a0 Neals Nowitzki\u00a0\u00a0\u00a0\u00a0\u00a0\u00a0\u00a0\u00a0\u00a0 Natascha Sonnenberg<\/em><\/p>\n<p><a href=\"https:\/\/www.vcp.de\/pfadfinden\/wp-content\/uploads\/2020\/03\/VCP-Statement-zur-Corona-Pandemie_12.3.2020.pdf\">VCP-Statement zur Corona-Pandemie_12.3.2020<\/a><\/p>\n","protected":false},"excerpt":{"rendered":"<p>Liebe VCPer*innen, die Erkrankungsf\u00e4lle mit dem Coronavirus (COVID-19) sind derzeit in aller Munde. In den vergangenen Tagen sind viele Menschen mit ihren \u00c4ngsten und Bedenken \u2013 auch mit der Bitte um Orientierung &#8211; in Bezug auf VCP-Aktivit\u00e4ten auf uns zugekommen. Als Bundesvorstand nehmen wir diese Anfragen sehr ernst und verfolgen auch selbst seit Tagen die [&hellip;]<\/p>\n","protected":false},"author":52,"featured_media":3035,"comment_status":"closed","ping_status":"open","sticky":false,"template":"","format":"standard","meta":{"_acf_changed":false,"inline_featured_image":false,"footnotes":""},"categories":[383],"tags":[87,92,216],"class_list":["post-15768","post","type-post","status-publish","format-standard","has-post-thumbnail","hentry","category-gegen-das-virus","tag-bundesleitung","tag-bundesversammlung","tag-praevention"],"acf":[],"_links":{"self":[{"href":"https:\/\/vcp.de\/pfadfinden\/wp-json\/wp\/v2\/posts\/15768","targetHints":{"allow":["GET"]}}],"collection":[{"href":"https:\/\/vcp.de\/pfadfinden\/wp-json\/wp\/v2\/posts"}],"about":[{"href":"https:\/\/vcp.de\/pfadfinden\/wp-json\/wp\/v2\/types\/post"}],"author":[{"embeddable":true,"href":"https:\/\/vcp.de\/pfadfinden\/wp-json\/wp\/v2\/users\/52"}],"replies":[{"embeddable":true,"href":"https:\/\/vcp.de\/pfadfinden\/wp-json\/wp\/v2\/comments?post=15768"}],"version-history":[{"count":0,"href":"https:\/\/vcp.de\/pfadfinden\/wp-json\/wp\/v2\/posts\/15768\/revisions"}],"wp:featuredmedia":[{"embeddable":true,"href":"https:\/\/vcp.de\/pfadfinden\/wp-json\/wp\/v2\/media\/3035"}],"wp:attachment":[{"href":"https:\/\/vcp.de\/pfadfinden\/wp-json\/wp\/v2\/media?parent=15768"}],"wp:term":[{"taxonomy":"category","embeddable":true,"href":"https:\/\/vcp.de\/pfadfinden\/wp-json\/wp\/v2\/categories?post=15768"},{"taxonomy":"post_tag","embeddable":true,"href":"https:\/\/vcp.de\/pfadfinden\/wp-json\/wp\/v2\/tags?post=15768"}],"curies":[{"name":"wp","href":"https:\/\/api.w.org\/{rel}","templated":true}]}}