{"id":15394,"date":"2020-02-13T15:58:58","date_gmt":"2020-02-13T14:58:58","guid":{"rendered":"https:\/\/www.vcp.de\/pfadfinden\/?p=15394"},"modified":"2020-02-17T13:03:15","modified_gmt":"2020-02-17T12:03:15","slug":"mein-erstes-semester-als-pfadikarls","status":"publish","type":"post","link":"https:\/\/vcp.de\/pfadfinden\/allgemein\/mein-erstes-semester-als-pfadikarls\/","title":{"rendered":"Mein erstes Semester als #Pfadi@Karls"},"content":{"rendered":"<p><em>Von Vanessa Reiland<\/em><\/p>\n<p><a href=\"https:\/\/www.vcp.de\/pfadfinden\/wp-content\/uploads\/2020\/02\/vanessa_karls-scaled.jpg\"><img loading=\"lazy\" decoding=\"async\" class=\"size-thumbnail wp-image-15398 alignleft\" src=\"https:\/\/www.vcp.de\/pfadfinden\/wp-content\/uploads\/2020\/02\/vanessa_karls-150x150.jpg\" alt=\"\" width=\"150\" height=\"150\" srcset=\"https:\/\/vcp.de\/pfadfinden\/wp-content\/uploads\/2020\/02\/vanessa_karls-150x150.jpg 150w, https:\/\/vcp.de\/pfadfinden\/wp-content\/uploads\/2020\/02\/vanessa_karls-45x45.jpg 45w\" sizes=\"auto, (max-width: 150px) 100vw, 150px\" \/><\/a>Mein Name ist Vanessa und mein erstes Semester als Pfadfinder*in an der Karlshochschule ist fast vor\u00fcber. Ich habe Ende September 2019 zusammen mit 5 weiteren Pfadfinder*innen das Studium begonnen. Zu Anfang unseres Studiums hier waren wir \u00fcberrascht, wie viele Pfadfinder*innen bereits an der Karls studieren. Dadurch haben wir uns nat\u00fcrlich direkt heimisch gef\u00fchlt und waren bereit als Pfadfinder*innen die Karlshochschule zu \u00fcbernehmen. Unseren \u00fcbrigen Kommiliton*innen fiel unser starker Zusammenhalt sofort auf, sie waren verwundert, woher wir uns alle kennen und warum wir direkt am Anfang schon gut vernetzt waren. Da wir alle in unterschiedlichen Studieng\u00e4ngen sind, hatten wir von Anfang an auch Kontakt zu internationalen Studierenden und konnten uns sehr gut untereinander austauschen. Der Einstieg als Pfadfinder*in in das Studium an der Karlshochschule empfand ich als sehr einfach. Die Atmosph\u00e4re an der Karls ist famili\u00e4r. Bei Fragen und Problemen aller Art kann man sich ohne Anmeldung sofort an jemanden wenden und einem wird geholfen. Ich studiere Management und bin gl\u00fccklich, gerade diesen Studiengang gew\u00e4hlt zu haben. Von den F\u00e4chern Management, \u00fcber Business Environment bis hin zum Fach Wissenschaftliches Arbeiten ist alles dabei. Das Studium ist super vielf\u00e4ltig und ich lerne vieles, das ich zun\u00e4chst nicht erwartet h\u00e4tte. Nach kurzer Zeit wird jedoch schnell klar, wie wichtig gerade solche Bereiche wie qualitative Datenerhebung sein k\u00f6nnen. Das klingt jetzt sehr langweilig, ist aber echt interessant. ?<\/p>\n<figure id=\"attachment_15395\" aria-describedby=\"caption-attachment-15395\" style=\"width: 300px\" class=\"wp-caption aligncenter\"><a href=\"https:\/\/www.vcp.de\/pfadfinden\/wp-content\/uploads\/2020\/02\/pfadis-at-karls.jpg\"><img loading=\"lazy\" decoding=\"async\" class=\"wp-image-15395 size-medium\" src=\"https:\/\/www.vcp.de\/pfadfinden\/wp-content\/uploads\/2020\/02\/pfadis-at-karls-300x225.jpg\" alt=\"\" width=\"300\" height=\"225\" srcset=\"https:\/\/vcp.de\/pfadfinden\/wp-content\/uploads\/2020\/02\/pfadis-at-karls-300x225.jpg 300w, https:\/\/vcp.de\/pfadfinden\/wp-content\/uploads\/2020\/02\/pfadis-at-karls-1024x768.jpg 1024w, https:\/\/vcp.de\/pfadfinden\/wp-content\/uploads\/2020\/02\/pfadis-at-karls-768x576.jpg 768w, https:\/\/vcp.de\/pfadfinden\/wp-content\/uploads\/2020\/02\/pfadis-at-karls.jpg 1430w\" sizes=\"auto, (max-width: 300px) 100vw, 300px\" \/><\/a><figcaption id=\"caption-attachment-15395\" class=\"wp-caption-text\">Seit dem Wintersemester 2019\/2020 sind die Pfadis an der Karlshochschule!<br \/>vorne v.l. Clara, Vanessa, Mona, Ilka, Tilman<br \/>hinten: Prof. Zerr, Christoph<\/figcaption><\/figure>\n<p>Was ich an der Karlshochschule sehr sch\u00e4tze, ist, dass ich genug Zeit und M\u00f6glichkeit habe, mein Ehrenamt bei den Pfadfindern weiter auszuf\u00fchren. Die Universit\u00e4t unterst\u00fctzt mich hierbei stark und auch die Professor*innen sind immer bereit, sich bei einem besonderen Termin \u00fcber verpasste Lehrinhalte auszutauschen.\u00a0 So konnte ich vergangenes Semester f\u00fcr eineinhalb Wochen in Slowenien bei einer internationalen Schulung der Pfadfinder*innen (The Academy) teilnehmen. W\u00e4hrend dieser 10 Tage habe ich super viel Hilfreiches f\u00fcr meine Arbeit als Bezirksf\u00fchrung bei den Pfadfinder*innen, aber auch f\u00fcr das Studium mitgenommen. Alle Professor*innen bef\u00fcrworteten meine Teilnahme an der Schulung sofort und wir konnten gemeinsam sehr unkompliziert L\u00f6sungen f\u00fcr Abgabetermine und verpasste Vorlesungen finden. Neben dem Studium nehme ich viele Termine wahr als interne Bezirksf\u00fchrerin der Pfadfinder*innen, bspw. beim Bezirksrat oder dem Landesrat und der Landesversammlung. Alles in allem bekomme ich das Studium mit allen Pfadi-Terminen wie Sitzungen, Versammlungen, aber auch Lagern und Fahrten im Ausland sehr gut unter einen Hut. Ich bin froh, dass sich mein Studium so gut damit vereinbaren l\u00e4sst und ich trotzdem Spa\u00df an beidem habe.<\/p>\n<p>Der Spirit an der Karlshochschule unter den Studierenden ist einmalig, egal welche Abgabe bevorsteht oder welche Schwierigkeiten einen erwarten, wir Studierende halten zusammen und helfen uns untereinander bis auch der letzte des Studiengangs die Arbeit hochgeladen hat. Ich f\u00fchle mich als Person wahr- und ernst genommen und freue mich auf jede neue Herausforderung. Das Design und die Einrichtung der Karls l\u00e4dt dazu ein, die ein oder andere Nacht an der Karlshochschule mal durchzuarbeiten. Selbstverst\u00e4ndlich muss das niemand, dennoch gibt es ein paar Schlafm\u00fctzen, die dann doch mal etwas l\u00e4nger brauchen, um zu merken, dass am gleichen Tag um 24:00 Uhr Abgabe des Essays ist. Aber auch solche N\u00e4chte und Erfahrungen geh\u00f6ren zu einem gutem Studium und nat\u00fcrlich auch in die Erz\u00e4hlungen f\u00fcr die n\u00e4chsten \u201cErstis\u201d.<\/p>\n<p>Abschlie\u00dfend kann ich aus eigener Erfahrung sagen, dass ich froh bin, als Pfadfinderin an die Karlshochschule gegangen zu sein. Das Zweite Semester steht vor der T\u00fcr und ich freue mich auf neue Erkenntnisse, Erfahrungen und Momente an der Karlshochschule. Nicht vergessen werden darf, dass au\u00dferhalb der Vorlesungen super viele Workshops, Veranstaltungen, Talentwettbewerbe, Oktoberfeste, Lesungen von Gastredner*innen und Weihnachts-\/Gl\u00fchwein Abende stattfinden und man hier zus\u00e4tzlich mit anderen internationalen Studierenden und G\u00e4sten in den Austausch kommen kann.<\/p>\n<p>Als Pfadfinder*in hast du an der Karls die einmalige Chance, Hobby, Ehrenamt und Studium ohne Probleme zu erleben und du kannst deinen Erfahrungen und W\u00fcnschen freien Raum lassen.<\/p>\n<p>Sofern du Pfadfinder*in bist, Lust auf eine Hochschule mit Perspektive und dem Motto \u201cLets make a difference\u201d hast, kannst du dich auch f\u00fcr das ber\u00fchmte \u201cKarlsstipendium\u201d bewerben.<\/p>\n<p>Mehr Infos zum Admissions-Prozess an der Karlshochschule und zum VCP-Stipendium unter <a href=\"mailto:admissions@karlshochschule.de\">admissions@karlshochschule.de<\/a><\/p>\n<p>Auch Vanessa darf kontaktiert werden unter <a href=\"mailto:vreiland@karlshochschule.de\">vreiland@karlshoc<\/a><a href=\"mailto:vreiland@karlshochschule.de\">hschule.de<\/a><\/p>\n<p>&nbsp;<\/p>\n<blockquote class=\"wp-embedded-content\" data-secret=\"chLVvG3I5c\"><p><a href=\"https:\/\/www.vcp.de\/pfadfinden\/stipendium\/\">Stipendium<\/a><\/p><\/blockquote>\n<p><iframe loading=\"lazy\" class=\"wp-embedded-content\" sandbox=\"allow-scripts\" security=\"restricted\" style=\"position: absolute; visibility: hidden;\" title=\"&#8222;Stipendium&#8220; &#8212; VCP-Blog\" src=\"https:\/\/www.vcp.de\/pfadfinden\/stipendium\/embed\/#?secret=HRLdE5WJtE#?secret=chLVvG3I5c\" data-secret=\"chLVvG3I5c\" width=\"600\" height=\"338\" frameborder=\"0\" marginwidth=\"0\" marginheight=\"0\" scrolling=\"no\"><\/iframe><\/p>\n<p>&nbsp;<\/p>\n","protected":false},"excerpt":{"rendered":"<p>Von Vanessa Reiland Mein Name ist Vanessa und mein erstes Semester als Pfadfinder*in an der Karlshochschule ist fast vor\u00fcber. Ich habe Ende September 2019 zusammen mit 5 weiteren Pfadfinder*innen das Studium begonnen. Zu Anfang unseres Studiums hier waren wir \u00fcberrascht, wie viele Pfadfinder*innen bereits an der Karls studieren. Dadurch haben wir uns nat\u00fcrlich direkt heimisch [&hellip;]<\/p>\n","protected":false},"author":52,"featured_media":15395,"comment_status":"closed","ping_status":"open","sticky":false,"template":"","format":"standard","meta":{"_acf_changed":false,"inline_featured_image":false,"footnotes":""},"categories":[1],"tags":[361],"class_list":["post-15394","post","type-post","status-publish","format-standard","has-post-thumbnail","hentry","category-allgemein","tag-stipendium"],"acf":[],"_links":{"self":[{"href":"https:\/\/vcp.de\/pfadfinden\/wp-json\/wp\/v2\/posts\/15394","targetHints":{"allow":["GET"]}}],"collection":[{"href":"https:\/\/vcp.de\/pfadfinden\/wp-json\/wp\/v2\/posts"}],"about":[{"href":"https:\/\/vcp.de\/pfadfinden\/wp-json\/wp\/v2\/types\/post"}],"author":[{"embeddable":true,"href":"https:\/\/vcp.de\/pfadfinden\/wp-json\/wp\/v2\/users\/52"}],"replies":[{"embeddable":true,"href":"https:\/\/vcp.de\/pfadfinden\/wp-json\/wp\/v2\/comments?post=15394"}],"version-history":[{"count":0,"href":"https:\/\/vcp.de\/pfadfinden\/wp-json\/wp\/v2\/posts\/15394\/revisions"}],"wp:featuredmedia":[{"embeddable":true,"href":"https:\/\/vcp.de\/pfadfinden\/wp-json\/wp\/v2\/media\/15395"}],"wp:attachment":[{"href":"https:\/\/vcp.de\/pfadfinden\/wp-json\/wp\/v2\/media?parent=15394"}],"wp:term":[{"taxonomy":"category","embeddable":true,"href":"https:\/\/vcp.de\/pfadfinden\/wp-json\/wp\/v2\/categories?post=15394"},{"taxonomy":"post_tag","embeddable":true,"href":"https:\/\/vcp.de\/pfadfinden\/wp-json\/wp\/v2\/tags?post=15394"}],"curies":[{"name":"wp","href":"https:\/\/api.w.org\/{rel}","templated":true}]}}