{"id":15337,"date":"2020-02-04T16:29:57","date_gmt":"2020-02-04T15:29:57","guid":{"rendered":"https:\/\/www.vcp.de\/pfadfinden\/?p=15337"},"modified":"2020-02-04T16:30:18","modified_gmt":"2020-02-04T15:30:18","slug":"training-of-leaders-2019-2020-simbabwe","status":"publish","type":"post","link":"https:\/\/vcp.de\/pfadfinden\/leitung-aktuell\/training-of-leaders-2019-2020-simbabwe\/","title":{"rendered":"Training of Leaders 2019\/2020 \u2013 Simbabwe"},"content":{"rendered":"<p><em>von Toni Manns<\/em><\/p>\n<p>Das Training of Leaders (ToL) hat vom 26.12. \u2013 05.01. in Harare, Simbabwe stattgefunden.<\/p>\n<p><span lang=\"de-DE\">Auf einem Vorbereitungstreffen wurden wir auf das gemeinsame Arbeiten im globalen Nord-S\u00fcdkontext vorbereitet. Au\u00dferdem haben wir uns als Gruppe kennengelernt und konnten unsere Fragen loswerden.<\/span><\/p>\n<p><span lang=\"de-DE\">Ein paar Wochen sp\u00e4ter ging es dann los nach Simbabwe. 15 Teilnehmer*innen aus fast allen VCP-L\u00e4ndern und 6 Teamer*innen starteten das Abenteuer Training of Leaders 2019\/2020. Zusammen mit den simbabwischen Pfadfinder*innen von der Girl Guides Association of Zimbabwe (GGAZ) und der Scout Association of Zimbabwe (SAZ) wurden wir in zwei Klassen und in Kleingruppen aufgeteilt, in denen wir fest zusammen das Training durchlaufen haben. <\/span>Wir wurden u.a. intensiv in Projektmanagement, Leadership, Self-Management, Motivation and Delegation, Human Resource Management und SDGs (Sustainable Development Goals) geschult. <span lang=\"de-DE\">Au\u00dferdem gab es Zeit das Gelernte direkt in den Kleingruppen umzusetzen und unser eigenes Projekt zu entwickeln. Die Projekte sind in den letzten zwei Trainingstagen umgesetzt worden. Jede*r wollte, dass das eigene Projekt mit Hilfe des vorher gelernten ein Erfolg wird. Inhaltlich waren die Projekte an ein oder mehrere SDGs angelehnt. Neben der vielen Arbeit ist nat\u00fcrlich auch der Spa\u00df nicht zu kurz gekommen, wir haben zusammen Silvester gefeiert, Spiele gespielt und am Internationalen Abend Kultur miteinander geteilt. Es war eine tolle, intensive Zeit mit vielen neuen Freund*innen, auch wenn die Zusammenarbeit auch seine H\u00fcrden hatte.<\/span><\/p>\n<p><span lang=\"de-DE\">Und auch wieder zur\u00fcck in Deutschland war die Arbeit noch nicht getan. Die ToL-Teilnehmer*innen haben das ToL-Training evaluiert und weiterentwickelt, damit es f\u00fcr zuk\u00fcnftige Schulungen zur Verf\u00fcgung steht. Au\u00dferdem wurde das Training den Rahmen der Pfadfindung eingeordnet, um uns Teilnehmer*innen aufzuzeigen, was wir mit dem Gelernten dem Verband zur\u00fcckgeben k\u00f6nnen. Daf\u00fcr gab es am Schluss noch eine Jobb\u00f6rse, bei der verschiedene freie Jobs im VCP vorgestellt worden sind. Wir hatten so die Gelegenheit uns in neuen Projekten des Verbandes einzubringen. Also werdet ihr einige von uns in Projekten oder Gruppen bald wiedersehen.<\/span><\/p>\n<p>&nbsp;<\/p>\n<p>&nbsp;<\/p>\n","protected":false},"excerpt":{"rendered":"<p>von Toni Manns Das Training of Leaders (ToL) hat vom 26.12. \u2013 05.01. in Harare, Simbabwe stattgefunden. Auf einem Vorbereitungstreffen wurden wir auf das gemeinsame Arbeiten im globalen Nord-S\u00fcdkontext vorbereitet. Au\u00dferdem haben wir uns als Gruppe kennengelernt und konnten unsere Fragen loswerden. Ein paar Wochen sp\u00e4ter ging es dann los nach Simbabwe. 15 Teilnehmer*innen aus [&hellip;]<\/p>\n","protected":false},"author":3,"featured_media":15317,"comment_status":"closed","ping_status":"open","sticky":false,"template":"","format":"standard","meta":{"_acf_changed":false,"inline_featured_image":false,"footnotes":""},"categories":[160],"tags":[],"class_list":["post-15337","post","type-post","status-publish","format-standard","has-post-thumbnail","hentry","category-leitung-aktuell"],"acf":[],"_links":{"self":[{"href":"https:\/\/vcp.de\/pfadfinden\/wp-json\/wp\/v2\/posts\/15337","targetHints":{"allow":["GET"]}}],"collection":[{"href":"https:\/\/vcp.de\/pfadfinden\/wp-json\/wp\/v2\/posts"}],"about":[{"href":"https:\/\/vcp.de\/pfadfinden\/wp-json\/wp\/v2\/types\/post"}],"author":[{"embeddable":true,"href":"https:\/\/vcp.de\/pfadfinden\/wp-json\/wp\/v2\/users\/3"}],"replies":[{"embeddable":true,"href":"https:\/\/vcp.de\/pfadfinden\/wp-json\/wp\/v2\/comments?post=15337"}],"version-history":[{"count":0,"href":"https:\/\/vcp.de\/pfadfinden\/wp-json\/wp\/v2\/posts\/15337\/revisions"}],"wp:featuredmedia":[{"embeddable":true,"href":"https:\/\/vcp.de\/pfadfinden\/wp-json\/wp\/v2\/media\/15317"}],"wp:attachment":[{"href":"https:\/\/vcp.de\/pfadfinden\/wp-json\/wp\/v2\/media?parent=15337"}],"wp:term":[{"taxonomy":"category","embeddable":true,"href":"https:\/\/vcp.de\/pfadfinden\/wp-json\/wp\/v2\/categories?post=15337"},{"taxonomy":"post_tag","embeddable":true,"href":"https:\/\/vcp.de\/pfadfinden\/wp-json\/wp\/v2\/tags?post=15337"}],"curies":[{"name":"wp","href":"https:\/\/api.w.org\/{rel}","templated":true}]}}