{"id":15332,"date":"2020-02-04T09:45:36","date_gmt":"2020-02-04T08:45:36","guid":{"rendered":"https:\/\/www.vcp.de\/pfadfinden\/?p=15332"},"modified":"2020-02-04T09:45:36","modified_gmt":"2020-02-04T08:45:36","slug":"schaut-hin-macht-mit","status":"publish","type":"post","link":"https:\/\/vcp.de\/pfadfinden\/allgemein\/schaut-hin-macht-mit\/","title":{"rendered":"schaut hin \u2013 macht mit"},"content":{"rendered":"<h2>Programmbewerbung f\u00fcr den 3. \u00d6kumenischen Kirchentag startet<\/h2>\n<p>Der 3. \u00d6kumenische Kirchentag (\u00d6KT) in Frankfurt am Main l\u00e4dt Institutionen, Verb\u00e4nde, Gruppen und Einzelpersonen ein, Vorschl\u00e4ge f\u00fcr das Programm einzusenden. Daf\u00fcr ist jetzt auf der Homepage oekt.de\/programm das Bewerbungsportal freigeschaltet. Durch das Programm der f\u00fcnf Tage vom 12. bis 16. Mai 2021 wird das Leitwort &#8222;schaut hin&#8220; (Mk 6,38), einen roten Faden ziehen.<\/p>\n<p><a href=\"https:\/\/www.vcp.de\/pfadfinden\/wp-content\/uploads\/2020\/02\/oekt-21-ffm-w-rgb.jpg\"><img loading=\"lazy\" decoding=\"async\" class=\"aligncenter size-medium wp-image-15333\" src=\"https:\/\/www.vcp.de\/pfadfinden\/wp-content\/uploads\/2020\/02\/oekt-21-ffm-w-rgb-300x75.jpg\" alt=\"\" width=\"300\" height=\"75\" srcset=\"https:\/\/vcp.de\/pfadfinden\/wp-content\/uploads\/2020\/02\/oekt-21-ffm-w-rgb-300x75.jpg 300w, https:\/\/vcp.de\/pfadfinden\/wp-content\/uploads\/2020\/02\/oekt-21-ffm-w-rgb.jpg 628w\" sizes=\"auto, (max-width: 300px) 100vw, 300px\" \/><\/a><\/p>\n<p>&#8222;Schaut hin und macht mit \u2013 die rund 2000 Veranstaltungen des Programms sind das Herzst\u00fcck des \u00d6kumenischen Kirchentages. Und je mehr Gruppen bereit sind, sich hier zu engagieren, desto vielf\u00e4ltiger wird das Gro\u00dfereignis&#8220;, so Julia Helmke, die Generalsekret\u00e4rin des Deutschen Evangelischen Kirchentages (DEKT). Marc Frings, Generalsekret\u00e4r des Zentralkomitees der deutschen Katholiken (ZdK), sagt: &#8222;Angesprochen sind dabei auch Gruppen und Institutionen, die keinen kirchlichen Hintergrund haben. Sie k\u00f6nnen f\u00fcr das Programm des \u00d6kumenischen Kirchentages wichtige Impulse liefern. Der \u00d6KT ist keine rein innerkirchliche Veranstaltung, sondern strahlt auf die gesamte Gesellschaft aus.&#8220;<\/p>\n<p>Das thematische Programm des \u00d6KT gliedert sich in vier Hauptthemenbereiche: &#8222;Glaube, Spiritualit\u00e4t, Kirche&#8220;, &#8222;Lebensr\u00e4ume, Lebenswelten, Zusammenleben&#8220;, &#8222;Sch\u00f6pfung, Frieden, Weltgemeinschaft&#8220;, &#8222;Wirtschaft, Macht, Verantwortung&#8220;. Eine detailliertere Programm\u00fcbersicht, die Bibeltexte des \u00d6KT, mit denen die verschiedenen geistlichen Angebote gestaltet werden, und weitere Informationen zum Leitwort finden sich ebenfalls unter oekt.de\/programm.<\/p>\n<h3><strong>Auch f\u00fcr Zentren l\u00e4uft die Bewerbungsfrist<\/strong><\/h3>\n<p>Neben dem thematischen Teil k\u00f6nnen der Kulturbereich, die Gottesdienste sowie das Programm der verschiedenen Zentren \u2013 &#8222;Familie und Generationen&#8220;, &#8222;Frauen-, M\u00e4nner-, Geschlechterperspektiven&#8220;, &#8222;Junge Menschen&#8220;, &#8222;Kinder&#8220;, &#8222;Regenbogen&#8220; \u2013 mitgestaltet werden. Willkommen sind au\u00dferdem Vorschl\u00e4ge f\u00fcr regionale Gemeindeprojekte. Und wer sich als Bl\u00e4ser- oder S\u00e4ngerchor beim \u00d6KT beteiligen m\u00f6chte, kann sich ebenfalls \u00fcber oekt.de\/programm anmelden.<\/p>\n<p>Ab dem 16. M\u00e4rz 2020 beginnt die Bewerbungsfrist f\u00fcr die Agora, auf der sich Gruppen und Institutionen aus Kirche und Gesellschaft pr\u00e4sentieren und f\u00fcr den Abend der Begegnung. Dies ist der erste Abend des \u00d6KT. Kirchengemeinden und Pfarreien, Vereine, Verb\u00e4nde und Institutionen aus dem Gebiet der Gastgebenden Kirchen hei\u00dfen alle willkommen und pr\u00e4sentieren Kulturelles, Thematisches und Kulinarisches aus neun Regionen.<\/p>\n<p>Der <strong>3. \u00d6kumenische Kirchentag findet vom 12. bis 16. Mai 2021 in Frankfurt am Main statt.<\/strong> Er wird veranstaltet vom Deutschen Evangelischen Kirchentag (DEKT) und dem Zentralkomitee der deutschen Katholiken (ZdK). Um ein Fest des Glaubens zu feiern und \u00fcber die Fragen der Zeit nachzudenken und zu diskutieren, werden \u00fcber 100.000 Teilnehmende jeden Alters, unterschiedlicher Religionen und Herkunft erwartet. Nach 2003 in Berlin und 2010 in M\u00fcnchen findet der \u00d6kumenische Kirchentag 2021 zum dritten Mal statt.<\/p>\n<p>Bilder zu verschiedenen Programmbereichen finden Sie im <a href=\"https:\/\/www.oekt.de\/index.php?id=105\" target=\"_blank\" rel=\"noopener noreferrer\">Downloadbereich<\/a> unserer Homepage.<\/p>\n<p><strong>Kontakt:<\/strong><br \/>\n3. \u00d6kumenischer Kirchentag Frankfurt 2021 e. V.<br \/>\nDanziger Platz 12<br \/>\n60314 Frankfurt am Main<br \/>\nTel.: 069 24 74 24-280<br \/>\n<a href=\"mailto:presse@oekt.de\">presse@oekt.de<\/a><\/p>\n<p>V.i.S.d.P.:<br \/>\nTheodor Bolzenius<br \/>\nMario Zei\u00dfig<br \/>\nPressesprecher des 3. \u00d6kumenischen Kirchentages<\/p>\n<p>https:\/\/www.vcp.de\/pfadfinden\/kirchentag\/<\/p>\n","protected":false},"excerpt":{"rendered":"<p>Programmbewerbung f\u00fcr den 3. \u00d6kumenischen Kirchentag startet Der 3. \u00d6kumenische Kirchentag (\u00d6KT) in Frankfurt am Main l\u00e4dt Institutionen, Verb\u00e4nde, Gruppen und Einzelpersonen ein, Vorschl\u00e4ge f\u00fcr das Programm einzusenden. Daf\u00fcr ist jetzt auf der Homepage oekt.de\/programm das Bewerbungsportal freigeschaltet. Durch das Programm der f\u00fcnf Tage vom 12. bis 16. Mai 2021 wird das Leitwort &#8222;schaut hin&#8220; [&hellip;]<\/p>\n","protected":false},"author":3,"featured_media":15334,"comment_status":"closed","ping_status":"open","sticky":false,"template":"","format":"standard","meta":{"_acf_changed":false,"inline_featured_image":false,"footnotes":""},"categories":[1,206],"tags":[],"class_list":["post-15332","post","type-post","status-publish","format-standard","has-post-thumbnail","hentry","category-allgemein","category-kirchentag-2019"],"acf":[],"_links":{"self":[{"href":"https:\/\/vcp.de\/pfadfinden\/wp-json\/wp\/v2\/posts\/15332","targetHints":{"allow":["GET"]}}],"collection":[{"href":"https:\/\/vcp.de\/pfadfinden\/wp-json\/wp\/v2\/posts"}],"about":[{"href":"https:\/\/vcp.de\/pfadfinden\/wp-json\/wp\/v2\/types\/post"}],"author":[{"embeddable":true,"href":"https:\/\/vcp.de\/pfadfinden\/wp-json\/wp\/v2\/users\/3"}],"replies":[{"embeddable":true,"href":"https:\/\/vcp.de\/pfadfinden\/wp-json\/wp\/v2\/comments?post=15332"}],"version-history":[{"count":0,"href":"https:\/\/vcp.de\/pfadfinden\/wp-json\/wp\/v2\/posts\/15332\/revisions"}],"wp:featuredmedia":[{"embeddable":true,"href":"https:\/\/vcp.de\/pfadfinden\/wp-json\/wp\/v2\/media\/15334"}],"wp:attachment":[{"href":"https:\/\/vcp.de\/pfadfinden\/wp-json\/wp\/v2\/media?parent=15332"}],"wp:term":[{"taxonomy":"category","embeddable":true,"href":"https:\/\/vcp.de\/pfadfinden\/wp-json\/wp\/v2\/categories?post=15332"},{"taxonomy":"post_tag","embeddable":true,"href":"https:\/\/vcp.de\/pfadfinden\/wp-json\/wp\/v2\/tags?post=15332"}],"curies":[{"name":"wp","href":"https:\/\/api.w.org\/{rel}","templated":true}]}}