{"id":15284,"date":"2021-08-05T10:00:48","date_gmt":"2021-08-05T08:00:48","guid":{"rendered":"https:\/\/www.vcp.de\/pfadfinden\/?p=15284"},"modified":"2021-08-05T10:15:26","modified_gmt":"2021-08-05T08:15:26","slug":"die-nummer-zum-glueck","status":"publish","type":"post","link":"https:\/\/vcp.de\/pfadfinden\/allgemein\/die-nummer-zum-glueck\/","title":{"rendered":"VCP-Podcast: Deine Nachricht unter dieser Nummer"},"content":{"rendered":"<p>Seit letztem Jahr erscheint unser <a href=\"https:\/\/podcast.vcp.de\" target=\"_blank\" rel=\"noopener noreferrer\">VCP-Podcast<\/a>, der \u201e<a href=\"https:\/\/www.vcp.de\/pfadfinden\/podcast\/\" target=\"_blank\" rel=\"noopener noreferrer\">Podcast Pfadfinden<\/a>\u201c wieder h\u00e4ufiger. Darin wird zum einen besprochen, was es gerade Wissenswertes von der Bundesebene gibt, zum anderen werden Themen aus der anp aufgegriffen oder interessante Interviews geteilt.<\/p>\n<p><strong>Was zum perfekten H\u00f6rerlebnis noch fehlt, sind mehr Beitr\u00e4ge aus allen Ecken des VCP!<\/strong><\/p>\n<p>An dieser Stelle darfst <strong>DU<\/strong> dich angesprochen f\u00fchlen. Deine Sippe hat ein super lustiges, neues Spiel entdeckt? Auf der letzten Fahrt hast du das beste Rezept f\u00fcr ein kr\u00e4ftigendes Fr\u00fchst\u00fcck erfunden? In ein paar Wochen findet bei eine ultra coole Veranstaltung statt, zu der du gern noch ein paar Pfadis einladen wollt? All diese Vorschl\u00e4ge haben dich jetzt noch nicht angesprochen, aber du m\u00f6chtest trotzdem etwas f\u00fcr den Podcast aufnehmen? Dann haben wir hier die Nummer zum Gl\u00fcck f\u00fcr dich: <strong><a id=\"cap-2227\" name=\"cap-2227\" data-title=\"\" data-visible=\"true\"><\/a>0157-51120198<\/strong><\/p>\n<p>Dorthin kannst du alles schicken, was deiner Meinung nach ganz viele VCPer*innen auf die Ohren bekommen sollten. Und keine Sorge, du brauchst dazu kein krasses Profi-Mikrofon! Nimm deinen Beitrag einfach mit dem auf, was du da hast. Auch ein Handy ist vollkommen ausreichend.<\/p>\n<p><a href=\"https:\/\/podcast.vcp.de\" target=\"_blank\" rel=\"noopener noreferrer\">podcast.vcp.de<\/a><\/p>\n<p><a href=\"https:\/\/www.vcp.de\/pfadfinden\/wp-content\/uploads\/2019\/08\/podcast_pfadfinden.jpg\"><img loading=\"lazy\" decoding=\"async\" class=\"aligncenter size-medium wp-image-13934\" src=\"https:\/\/www.vcp.de\/pfadfinden\/wp-content\/uploads\/2019\/08\/podcast_pfadfinden-300x300.jpg\" alt=\"\" width=\"300\" height=\"300\" srcset=\"https:\/\/vcp.de\/pfadfinden\/wp-content\/uploads\/2019\/08\/podcast_pfadfinden-300x300.jpg 300w, https:\/\/vcp.de\/pfadfinden\/wp-content\/uploads\/2019\/08\/podcast_pfadfinden-150x150.jpg 150w, https:\/\/vcp.de\/pfadfinden\/wp-content\/uploads\/2019\/08\/podcast_pfadfinden-768x768.jpg 768w, https:\/\/vcp.de\/pfadfinden\/wp-content\/uploads\/2019\/08\/podcast_pfadfinden-1024x1024.jpg 1024w, https:\/\/vcp.de\/pfadfinden\/wp-content\/uploads\/2019\/08\/podcast_pfadfinden-45x45.jpg 45w, https:\/\/vcp.de\/pfadfinden\/wp-content\/uploads\/2019\/08\/podcast_pfadfinden.jpg 1400w\" sizes=\"auto, (max-width: 300px) 100vw, 300px\" \/><\/a><\/p>\n","protected":false},"excerpt":{"rendered":"<p>Seit letztem Jahr erscheint unser VCP-Podcast, der \u201ePodcast Pfadfinden\u201c wieder h\u00e4ufiger. Darin wird zum einen besprochen, was es gerade Wissenswertes von der Bundesebene gibt, zum anderen werden Themen aus der anp aufgegriffen oder interessante Interviews geteilt. Was zum perfekten H\u00f6rerlebnis noch fehlt, sind mehr Beitr\u00e4ge aus allen Ecken des VCP! An dieser Stelle darfst DU [&hellip;]<\/p>\n","protected":false},"author":3,"featured_media":13934,"comment_status":"closed","ping_status":"open","sticky":false,"template":"","format":"standard","meta":{"_acf_changed":false,"inline_featured_image":false,"footnotes":""},"categories":[1,334,353],"tags":[],"class_list":["post-15284","post","type-post","status-publish","format-standard","has-post-thumbnail","hentry","category-allgemein","category-fuer-euch-gehoert","category-podcast"],"acf":[],"_links":{"self":[{"href":"https:\/\/vcp.de\/pfadfinden\/wp-json\/wp\/v2\/posts\/15284","targetHints":{"allow":["GET"]}}],"collection":[{"href":"https:\/\/vcp.de\/pfadfinden\/wp-json\/wp\/v2\/posts"}],"about":[{"href":"https:\/\/vcp.de\/pfadfinden\/wp-json\/wp\/v2\/types\/post"}],"author":[{"embeddable":true,"href":"https:\/\/vcp.de\/pfadfinden\/wp-json\/wp\/v2\/users\/3"}],"replies":[{"embeddable":true,"href":"https:\/\/vcp.de\/pfadfinden\/wp-json\/wp\/v2\/comments?post=15284"}],"version-history":[{"count":1,"href":"https:\/\/vcp.de\/pfadfinden\/wp-json\/wp\/v2\/posts\/15284\/revisions"}],"predecessor-version":[{"id":36994,"href":"https:\/\/vcp.de\/pfadfinden\/wp-json\/wp\/v2\/posts\/15284\/revisions\/36994"}],"wp:featuredmedia":[{"embeddable":true,"href":"https:\/\/vcp.de\/pfadfinden\/wp-json\/wp\/v2\/media\/13934"}],"wp:attachment":[{"href":"https:\/\/vcp.de\/pfadfinden\/wp-json\/wp\/v2\/media?parent=15284"}],"wp:term":[{"taxonomy":"category","embeddable":true,"href":"https:\/\/vcp.de\/pfadfinden\/wp-json\/wp\/v2\/categories?post=15284"},{"taxonomy":"post_tag","embeddable":true,"href":"https:\/\/vcp.de\/pfadfinden\/wp-json\/wp\/v2\/tags?post=15284"}],"curies":[{"name":"wp","href":"https:\/\/api.w.org\/{rel}","templated":true}]}}