{"id":14460,"date":"2019-11-04T16:05:32","date_gmt":"2019-11-04T15:05:32","guid":{"rendered":"https:\/\/www.vcp.de\/pfadfinden\/?p=14460"},"modified":"2023-02-09T15:44:30","modified_gmt":"2023-02-09T14:44:30","slug":"leserbrief-zum-artikel-doppelmoral-wie-cool-ist-pfadfinden-zwischen-f4f-und-wsj","status":"publish","type":"post","link":"https:\/\/vcp.de\/pfadfinden\/allgemein\/leserbrief-zum-artikel-doppelmoral-wie-cool-ist-pfadfinden-zwischen-f4f-und-wsj\/","title":{"rendered":"Leserbrief zum Artikel: #doppelmoral \u2013 Wie cool ist Pfadfinden zwischen F4F und WSJ?"},"content":{"rendered":"<p>Liebes anp-Team, liebe Lena, lieber S\u00f6ren,<\/p>\n<p>DANKE!<\/p>\n<p>Ihr sprecht mir mit eurem Artikel zum Jamboree und der diesbez\u00fcglichen Doppelmoral so von der Seele.<\/p>\n<p><a href=\"https:\/\/www.vcp.de\/pfadfinden\/wp-content\/uploads\/2019\/11\/WSJ-Jakob-Krueger-2.jpg\"><img decoding=\"async\" loading=\"lazy\" class=\"wp-image-14469 size-medium alignleft\" src=\"https:\/\/www.vcp.de\/pfadfinden\/wp-content\/uploads\/2019\/11\/WSJ-Jakob-Krueger-2-300x225.jpg\" alt=\"\" width=\"300\" height=\"225\" srcset=\"https:\/\/www.vcp.de\/pfadfinden\/wp-content\/uploads\/2019\/11\/WSJ-Jakob-Krueger-2-300x225.jpg 300w, https:\/\/www.vcp.de\/pfadfinden\/wp-content\/uploads\/2019\/11\/WSJ-Jakob-Krueger-2-768x576.jpg 768w, https:\/\/www.vcp.de\/pfadfinden\/wp-content\/uploads\/2019\/11\/WSJ-Jakob-Krueger-2-1024x768.jpg 1024w\" sizes=\"auto, (max-width: 300px) 100vw, 300px\" \/><\/a>Ein paar S\u00e4tze zu mir: Ich bin 17 Jahre alt, seid Februar einer der aktivsten FFF-Aktivist*innen in meiner Heimatstadt Dessau. Seit M\u00e4rz diesen Jahres bin ich in der Landesleitung vom VCP Mitteldeutschland und ich war im Sommer in Amerika. Zum Worldsoutjamboree. Mit der ostdeutschen Unit &#8218;Sophie Scholl&#8216;.<\/p>\n<p>&nbsp;<\/p>\n<p>Und ich stehe dazu.<\/p>\n<p>Das Jamboree ist an Erfahrungswerten nicht zu vergleichen. Das sage ich, auch wenn ich dem Jamboree bzw. dem, was WOSM mittlerweile aus dem Weltpfadfindertreffen macht, sehr kritisch gegen\u00fcberstehe.<\/p>\n<p>Ihr habt es in eurem Artikel schon erw\u00e4hnt, ich m\u00f6chte das &#8211; quasi aus erster Hand &#8211; nochmal best\u00e4tigen und ausf\u00fchren:<\/p>\n<p>Punkt eins: Die Feuerwerke, die es zu der Opening und Closing Ceremony gab. Mein Erlebnis dazu war folgendes: Ich stand, nachdem das Feuerwerk begonnen hatte, einfach nur noch da und dachte, was passiert hier gerade? Am Cultural Day haben noch alle Ban Ki-Moon, dem ehemaligen UN-Generalsekret\u00e4r und seinen Appellen zur Nachhaltigkeit applaudiert, jetzt tun sie das gleiche bei diesem riesigen Feuerwerk, das nicht enden will. Und in einem Naturschutzgebiet stattfindet. Warum?<\/p>\n<p>Aber auch andere Sachen waren irrsinnig: Der Schie\u00dfstand wurde schon angesprochen, die Plastikzelte, die dem Platz nach gr\u00f6\u00dftenteils best\u00e4tigten Ger\u00fcchten, von der kanadischen Firma &#8218;Coleman&#8216; f\u00fcr jedes Lager neu gesponsert werden, konnten mitgenommen werden. Warum?<\/p>\n<p>Und das Niveau, auf dem sich mit dem Thema Nachhaltigkeit, Sustainability auseinandergesetzt wurde. Schrecklich<\/p>\n<p>Ich bin FFF-Aktivist, besch\u00e4ftige mich seit Jahren mit der Thematik, habe, weil ich abgesehen vom Jamboree noch nie geflogen bin (was auch f\u00fcr die n\u00e4chsten zehn Jahre so bleiben wird &#8211; mindestens) und durch meine Eltern schon ein bisschen nachhaltig erzogen wurde, ein relativ reines Gewissen f\u00fcr westliche Verh\u00e4ltnisse und ich kann \u00fcber Klimaschutz in Deutschland sagen: ER IST GRAUENHAFT. WAHRHAFTIG.<\/p>\n<p>Aber im Vergleich zu den USA ist er der Himmel!<\/p>\n<p>Absurd.<\/p>\n<p>Paradebeispiel: Das Sustainability Treehouse. Zwar ist Treehouse eins der wenigen W\u00f6rter, die im Englischen zusammengeschrieben werde, aber eigentlich geh\u00f6ren sie zusammen. Ich hatte mich im Vorfeld riesig auf das Hauptthema des Jamborees, Sustainability, gefreut, insbesondere auf das Sustainability Treehouse.<\/p>\n<p>Ich wurde ma\u00dflos entt\u00e4uscht.<\/p>\n<p>Weder handelt es sich um ein Haus &#8211; es gibt zwar abgeschlossene R\u00e4ume (2-3) aber kein Haus im herk\u00f6mmlichen Sinne, wohnen kann da niemand &#8211; noch um ein BAUM-haus &#8211; eine Stahlkonstruktion hat mit B\u00e4umen herzlich wenig zu tun. Und &#8211; o Wunder aller Wunder &#8211; nachhaltig w\u00fcrde ich es auch nicht nennen wollen. JA, der Strom wird komplett selbst hergestellt (auf dem Dach mit Photovoltaik\/ Solar und Windkraftanlage), aber wof\u00fcr? F\u00fcr die derma\u00dfen schlechte Ausstellung innen drin mit den f\u00fcnf, sechs Monitoren. Ernsthaft?<\/p>\n<p>Klar, bei Ausstellungen kann man mit dem nachhaltigen Bildungsfaktor argumentieren &#8211; zu Recht &#8211; aber hier nicht. Gro\u00dfe Probleme wie Verkehrssektor, Landwirtschaft und Co. werden de facto gar nicht ber\u00fccksichtigt, teilweise liegt der Schwerpunkt auf klimatechnisch gesehenen &#8222;Peanuts&#8220;. Einzig der amerikanische Energiehaushalt (15-20% Erneuerbare) wird mit einer winzig kleinen Statistik am Rande erw\u00e4hnt.<\/p>\n<p>Eine qualitativ angemessene Auseinandersetzung mit der so hochgelobt propagierten Sustainability sieht anders aus.<\/p>\n<p>Ich wurde zum Jamboree von Radio SAW interviewt, wo ich mich auch zu dem Thema positioniert habe. Zu h\u00f6ren gibt&#8217;s den zwei Minuten langen Beitrag hier: <a href=\"https:\/\/soundcloud.com\/thorstenkessler\/2019-08-24_3_worldscoutjamboree\">https:\/\/soundcloud.com\/thorstenkessler\/2019-08-24_3_worldscoutjamboree<\/a><\/p>\n<p>Wenn ich die Vollversion finde, schicke ich sie noch hinterher.<\/p>\n<p>ABER: Ich bin nach wie vor ein prinzipieller Bef\u00fcrworter des Jamborees.<\/p>\n<p>Die Erfahrung, die ich dort und w\u00e4hrend der Vortour machen durfte ist bis dato einmalig. Und wird es mindestens gr\u00f6\u00dftenteils bleiben. Es ist unglaublich wichtig, am eigenen Leib zu erfahren, dass man mit anderen Menschen frei in Kontakt treten kann, ohne dass sofort Religion, Hautfarbe, Herkunft, Politik oder vieles weitere dazwischen steht. Das ist das wichtigste, was ich auf dem Jamboree gelernt habe.<\/p>\n<p>Aber auch f\u00fcr andere war die Pr\u00e4senz von deutschen Pfadfinder*innen unglaublich wichtig.<\/p>\n<p>Denn wir haben eine Fridays-for-Future-Demonstration auf dem Jamboree veranstaltet (Kern davon war meine Unit &#8218;Sophie Scholl&#8216;), die sehr viel Aufmerksamkeit auf sich gezogen hat. Innerhalb eines Tages haben wir 500 Pfadfinder*innen, vor allem Deutsche (zu denen hatten wir die n\u00f6tigen Mobilisierungsconnections), aber auch Italiener teilgenommen haben.<\/p>\n<p>Und, da muss ich eurer Kritik am Deutschen Kontingent ein bisschen widersprechen, die auch vom Deutschen Kontingent UNTERST\u00dcTZT und VERBREITET wurde.<\/p>\n<p>\u00dcbrigens gab es zum Thema Schie\u00dfstand auch eine Anweisung von &#8222;ganz oben&#8220; aus der Kontingentsleitung, dass wir nicht als Deutsche Pfadfinder*innen schie\u00dfen d\u00fcrfen und somit auch nicht in deutscher Kluft und deutschem Halstuch. Leider haben sich daran nicht alle gehalten.<\/p>\n<p>Ich f\u00fcr meinen Teil habe auch nicht geschossen.<\/p>\n<p>Und auch Nachhaltigkeit wurde vom Deutschen Kontingent sehr verbreitet. Es gab St\u00e4nde \u00fcber nachhaltige Siegel und \u00fcber die Ringekluft, die ja auch Fairtrade ist, genauso wie auch der Deutsche-Kontingents-Merch.<\/p>\n<p>In meiner Unit wurde auch offen f\u00fcr eine CO2-Kompensation geworben, die auch ich vollzogen habe, selbstverst\u00e4ndlich im Bewusstsein, dass das CO2, das ich durch die beiden Fl\u00fcge in die Luft gepustet habe, erstmal nicht so schnell wieder da rauskommt, Kompensation hin oder her.<\/p>\n<p>Ich finde, unter diesen ganzen Aspekten (und noch vielen mehr) ist eine Teilnahme am Jamboree berechtigt und gerechtfertigt, auch im Sinne der V\u00f6lkerverst\u00e4ndigung und der von BiPi mitgegebene Auftrag, Friedenspfadfinder*innen zu sein.<\/p>\n<p>Aber bitte mit kritischer Auseinandersetzung!!!<\/p>\n<p>Insofern: Vielen vielen Dank, dass ihr das Thema in die anp gebracht habt und dann auch noch so weit nach vorne!<\/p>\n<p>Viele liebe Gr\u00fc\u00dfe und Gut Pfad!<\/p>\n<p>Jakob Krueger<\/p>\n<p><a href=\"https:\/\/www.vcp.de\/pfadfinden\/wp-content\/uploads\/2019\/11\/WSJ-Jakob-Krueger-4.jpg\"><img decoding=\"async\" loading=\"lazy\" class=\"alignnone wp-image-14468 size-medium\" src=\"https:\/\/www.vcp.de\/pfadfinden\/wp-content\/uploads\/2019\/11\/WSJ-Jakob-Krueger-4-300x200.jpg\" alt=\"\" width=\"300\" height=\"200\" srcset=\"https:\/\/www.vcp.de\/pfadfinden\/wp-content\/uploads\/2019\/11\/WSJ-Jakob-Krueger-4-300x200.jpg 300w, https:\/\/www.vcp.de\/pfadfinden\/wp-content\/uploads\/2019\/11\/WSJ-Jakob-Krueger-4-768x512.jpg 768w, https:\/\/www.vcp.de\/pfadfinden\/wp-content\/uploads\/2019\/11\/WSJ-Jakob-Krueger-4-1024x683.jpg 1024w\" sizes=\"auto, (max-width: 300px) 100vw, 300px\" \/><\/a><\/p>\n<p>PS: Auch die Qualit\u00e4t der anp wird immer besser. Vielen Dank! Es ist sch\u00f6n eine solche Entwicklung beobachten zu d\u00fcrfen.<\/p>\n<p>&nbsp;<\/p>\n<p>Leserbrief zum Artikel:<\/p>\n<blockquote class=\"wp-embedded-content\" data-secret=\"JkS116bfsQ\"><p><a href=\"https:\/\/www.vcp.de\/pfadfinden\/allgemein\/doppelmoral-wie-cool-ist-pfadfinden-zwischen-f4f-und-wsj\/\">#doppelmoral &#8211; Wie cool ist Pfadfinden zwischen F4F und WSJ?<\/a><\/p><\/blockquote>\n<p><iframe loading=\"lazy\" class=\"wp-embedded-content\" sandbox=\"allow-scripts\" security=\"restricted\" style=\"position: absolute; visibility: hidden;\" title=\"&#8222;#doppelmoral &#8211; Wie cool ist Pfadfinden zwischen F4F und WSJ?&#8220; &#8212; VCP-Blog\" src=\"https:\/\/www.vcp.de\/pfadfinden\/allgemein\/doppelmoral-wie-cool-ist-pfadfinden-zwischen-f4f-und-wsj\/embed\/#?secret=CSiy99GooC#?secret=JkS116bfsQ\" data-secret=\"JkS116bfsQ\" width=\"600\" height=\"338\" frameborder=\"0\" marginwidth=\"0\" marginheight=\"0\" scrolling=\"no\"><\/iframe><\/p>\n","protected":false},"excerpt":{"rendered":"<p>Liebes anp-Team, liebe Lena, lieber S\u00f6ren, DANKE! Ihr sprecht mir mit eurem Artikel zum Jamboree und der diesbez\u00fcglichen Doppelmoral so von der Seele. Ein paar S\u00e4tze zu mir: Ich bin 17 Jahre alt, seid Februar einer der aktivsten FFF-Aktivist*innen in meiner Heimatstadt Dessau. Seit M\u00e4rz diesen Jahres bin ich in der Landesleitung vom VCP Mitteldeutschland [&hellip;]<\/p>\n","protected":false},"author":52,"featured_media":14191,"comment_status":"closed","ping_status":"open","sticky":false,"template":"","format":"standard","meta":{"_acf_changed":false,"inline_featured_image":false,"footnotes":""},"categories":[1,419],"tags":[365,83,70],"class_list":["post-14460","post","type-post","status-publish","format-standard","has-post-thumbnail","hentry","category-allgemein","category-auf-neuem-pfad","tag-anp1903","tag-internationales","tag-jamboree"],"acf":[],"_links":{"self":[{"href":"https:\/\/vcp.de\/pfadfinden\/wp-json\/wp\/v2\/posts\/14460","targetHints":{"allow":["GET"]}}],"collection":[{"href":"https:\/\/vcp.de\/pfadfinden\/wp-json\/wp\/v2\/posts"}],"about":[{"href":"https:\/\/vcp.de\/pfadfinden\/wp-json\/wp\/v2\/types\/post"}],"author":[{"embeddable":true,"href":"https:\/\/vcp.de\/pfadfinden\/wp-json\/wp\/v2\/users\/52"}],"replies":[{"embeddable":true,"href":"https:\/\/vcp.de\/pfadfinden\/wp-json\/wp\/v2\/comments?post=14460"}],"version-history":[{"count":2,"href":"https:\/\/vcp.de\/pfadfinden\/wp-json\/wp\/v2\/posts\/14460\/revisions"}],"predecessor-version":[{"id":29406,"href":"https:\/\/vcp.de\/pfadfinden\/wp-json\/wp\/v2\/posts\/14460\/revisions\/29406"}],"wp:featuredmedia":[{"embeddable":true,"href":"https:\/\/vcp.de\/pfadfinden\/wp-json\/wp\/v2\/media\/14191"}],"wp:attachment":[{"href":"https:\/\/vcp.de\/pfadfinden\/wp-json\/wp\/v2\/media?parent=14460"}],"wp:term":[{"taxonomy":"category","embeddable":true,"href":"https:\/\/vcp.de\/pfadfinden\/wp-json\/wp\/v2\/categories?post=14460"},{"taxonomy":"post_tag","embeddable":true,"href":"https:\/\/vcp.de\/pfadfinden\/wp-json\/wp\/v2\/tags?post=14460"}],"curies":[{"name":"wp","href":"https:\/\/api.w.org\/{rel}","templated":true}]}}