{"id":14272,"date":"2019-10-23T09:49:06","date_gmt":"2019-10-23T07:49:06","guid":{"rendered":"https:\/\/www.vcp.de\/pfadfinden\/?p=14272"},"modified":"2023-02-01T15:56:25","modified_gmt":"2023-02-01T14:56:25","slug":"cool-bleiben-im-netz","status":"publish","type":"post","link":"https:\/\/vcp.de\/pfadfinden\/aus-dem-verband\/achtsamundaktiv\/cool-bleiben-im-netz\/","title":{"rendered":"Cool bleiben im Netz!"},"content":{"rendered":"<p><em>von Esther Koch und Toni Manns<\/em><\/p>\n<p>Die Klimaaktivistin Greta Thunberg wird in einer Talkshow des &#8211; US-Senders \u201eFox News\u201c von Michael Knowls als \u201egeistig krankes, schwedisches Kind\u201c beschimpft. Die Journalistin Nemi El-Hassan muss Kommentare wie: \u201eDu St\u00fcck M\u00fcll laberst nur Schei\u00dfe, verpiss dich in dein Terrorland\u201c \u00fcber sich lesen.<\/p>\n<h3><strong>Hate Speech \u2013 Ein neues Ph\u00e4nomen?<\/strong><\/h3>\n<p>Kommen dir Kommentare wie oben geschildert bekannt vor? Die Rede ist von Hate Speech oder zu Deutsch: Hassrede. Bemerkungen und Aussagen im Internet, in denen Einzel ne oder Gruppen beleidigt, beschimpft oder angegriffen werden.<\/p>\n<p>Lesben, Schwule, Bi- undTranssexuelle, Transgender, Intersexuelle und Queere (kurz LSBTTIQ*), Muslime und Frauen sind haupts\u00e4chliches Ziel von Hasskommentaren. Auch Menschen, die f\u00fcr die Rechte der genannten Gruppen eintreten, werden schnell zur Zielscheibe.<\/p>\n<p>Es zeigt sich also, dass Hate Speech kein neues Ph\u00e4nomen ist \u2013 es werden schlicht Diskriminierungsstrukturen der Gesellschaft fortgesetzt. Hate Speech richtet sich vor allem gegen diejenigen, die bereits gesellschaftlich benachteiligt sind.<\/p>\n<h3><strong>Wer sind die Hater*innen?<\/strong><\/h3>\n<p>Hater*innen kommen grunds\u00e4tzlich aus allen gesellschaftlichen Gruppen. Untersuchungen nach f\u00fchren soziale Umst\u00e4nde allein nicht zum Hass. Hass bricht dann aus, wenn man seine eigene soziale und \u00f6konomische Situation gef\u00e4hrdet sieht.<\/p>\n<h3><strong>Welche Konsequenzen hat Hate Speech?<\/strong><\/h3>\n<p>Die Folgen von Hate Speech tragen in erster Linie die Betroffenen, die beleidigt und bedroht werden. Sie werden gedem\u00fctigt, erniedrigt und ver\u00e4ngstigt. Und ziehen sich deshalb h\u00e4ufig aus dem \u00f6ffentlichen Raum zur\u00fcck.<\/p>\n<p>Personen, die in sozialen Netzwerken angegriffen werden, diskutieren in Onlinedebatten nicht mehr mit. Damit werden Meinungen und Ansichten aus dem politischen Diskurs verdr\u00e4ngt \u2013 eine ernstzunehmende Gefahr f\u00fcr unsere Demokratie. Entsteht doch so der Eindruck, dass diejenigen die am lautesten und h\u00e4sslichsten sind, auch die Mehrheit sind. Sind sie nachgewiesener Ma\u00dfen aber nicht.<\/p>\n<p>Der Sender \u201eFox News\u201c entschuldigt sich \u00f6ffentlich bei Greta Thunberg und gibt bekannt, mit Knowels nicht mehr zusammenzuarbeiten.<br \/>\nNemi El-Hassan stellt in einem Video1 klar: \u201eIch bin in Deutschland geboren und der Einzige, der Terror macht, bist du.\u201c<\/p>\n<p>Ein Ergebnis einer Studie sagt: Immer weniger Menschen sind bereit, Hate Speech zu tolerieren.<\/p>\n<p><a href=\"https:\/\/www.vcp.de\/pfadfinden\/wp-content\/uploads\/2019\/10\/beitragsbild_cool_bleiben_im_netz.jpg\"><img decoding=\"async\" loading=\"lazy\" class=\"aligncenter wp-image-14271 size-full\" src=\"https:\/\/www.vcp.de\/pfadfinden\/wp-content\/uploads\/2019\/10\/beitragsbild_cool_bleiben_im_netz.jpg\" alt=\"\" width=\"600\" height=\"705\" srcset=\"https:\/\/www.vcp.de\/pfadfinden\/wp-content\/uploads\/2019\/10\/beitragsbild_cool_bleiben_im_netz.jpg 600w, https:\/\/www.vcp.de\/pfadfinden\/wp-content\/uploads\/2019\/10\/beitragsbild_cool_bleiben_im_netz-255x300.jpg 255w\" sizes=\"auto, (max-width: 600px) 100vw, 600px\" \/><\/a><\/p>\n<p>\u201eBundestrollamt gegen digitalen Hass\u201c \u2013 eine Serie satirischer Filmclips der Kampagne <a href=\"http:\/\/www.no-hate-speech.de\" target=\"_blank\" rel=\"noopener noreferrer\">www.no-hate-speech.de<\/a><\/p>\n<p>Landesanstalt f\u00fcr Medien NRW <a href=\"https:\/\/www.medienanstalt-nrw.de\/fileadmin\/user_upload\/lfm-nrw\/Foerderung\/Forschung\/Dateien_Forschung\/forsaHate_Speech_2018_Ergebnisbericht_LFM_NRW.PDF\" target=\"_blank\" rel=\"noopener noreferrer\">https:\/\/www.medienanstalt-nrw.de\/fileadmin\/user_upload\/lfm-nrw\/Foerderung\/Forschung\/Dateien_Forschung\/forsaHate_Speech_2018_Ergebnisbericht_LFM_NRW.PDF<\/a>\u00a002.10.2019<\/p>\n<blockquote class=\"wp-embedded-content\" data-secret=\"ipVzpt0tb2\"><p><a href=\"https:\/\/www.vcp.de\/pfadfinden\/allgemein\/die-dunkle-seite-der-sozialen-medien\/\">Die dunkle Seite der Sozialen Medien<\/a><\/p><\/blockquote>\n<p><iframe loading=\"lazy\" class=\"wp-embedded-content\" sandbox=\"allow-scripts\" security=\"restricted\" style=\"position: absolute; visibility: hidden;\" title=\"&#8222;Die dunkle Seite der Sozialen Medien&#8220; &#8212; VCP-Blog\" src=\"https:\/\/www.vcp.de\/pfadfinden\/allgemein\/die-dunkle-seite-der-sozialen-medien\/embed\/#?secret=PQBdEDtHHh#?secret=ipVzpt0tb2\" data-secret=\"ipVzpt0tb2\" width=\"600\" height=\"338\" frameborder=\"0\" marginwidth=\"0\" marginheight=\"0\" scrolling=\"no\"><\/iframe><\/p>\n","protected":false},"excerpt":{"rendered":"<p>von Esther Koch und Toni Manns Die Klimaaktivistin Greta Thunberg wird in einer Talkshow des &#8211; US-Senders \u201eFox News\u201c von Michael Knowls als \u201egeistig krankes, schwedisches Kind\u201c beschimpft. Die Journalistin Nemi El-Hassan muss Kommentare wie: \u201eDu St\u00fcck M\u00fcll laberst nur Schei\u00dfe, verpiss dich in dein Terrorland\u201c \u00fcber sich lesen. Hate Speech \u2013 Ein neues Ph\u00e4nomen? [&hellip;]<\/p>\n","protected":false},"author":52,"featured_media":14271,"comment_status":"closed","ping_status":"open","sticky":false,"template":"","format":"standard","meta":{"_acf_changed":false,"inline_featured_image":false,"footnotes":""},"categories":[341,419],"tags":[365,228],"class_list":["post-14272","post","type-post","status-publish","format-standard","has-post-thumbnail","hentry","category-achtsamundaktiv","category-auf-neuem-pfad","tag-anp1903","tag-entdecken"],"acf":[],"_links":{"self":[{"href":"https:\/\/vcp.de\/pfadfinden\/wp-json\/wp\/v2\/posts\/14272","targetHints":{"allow":["GET"]}}],"collection":[{"href":"https:\/\/vcp.de\/pfadfinden\/wp-json\/wp\/v2\/posts"}],"about":[{"href":"https:\/\/vcp.de\/pfadfinden\/wp-json\/wp\/v2\/types\/post"}],"author":[{"embeddable":true,"href":"https:\/\/vcp.de\/pfadfinden\/wp-json\/wp\/v2\/users\/52"}],"replies":[{"embeddable":true,"href":"https:\/\/vcp.de\/pfadfinden\/wp-json\/wp\/v2\/comments?post=14272"}],"version-history":[{"count":2,"href":"https:\/\/vcp.de\/pfadfinden\/wp-json\/wp\/v2\/posts\/14272\/revisions"}],"predecessor-version":[{"id":28935,"href":"https:\/\/vcp.de\/pfadfinden\/wp-json\/wp\/v2\/posts\/14272\/revisions\/28935"}],"wp:featuredmedia":[{"embeddable":true,"href":"https:\/\/vcp.de\/pfadfinden\/wp-json\/wp\/v2\/media\/14271"}],"wp:attachment":[{"href":"https:\/\/vcp.de\/pfadfinden\/wp-json\/wp\/v2\/media?parent=14272"}],"wp:term":[{"taxonomy":"category","embeddable":true,"href":"https:\/\/vcp.de\/pfadfinden\/wp-json\/wp\/v2\/categories?post=14272"},{"taxonomy":"post_tag","embeddable":true,"href":"https:\/\/vcp.de\/pfadfinden\/wp-json\/wp\/v2\/tags?post=14272"}],"curies":[{"name":"wp","href":"https:\/\/api.w.org\/{rel}","templated":true}]}}