{"id":14110,"date":"2019-10-01T10:25:00","date_gmt":"2019-10-01T08:25:00","guid":{"rendered":"https:\/\/www.vcp.de\/pfadfinden\/?p=14110"},"modified":"2019-10-04T17:24:07","modified_gmt":"2019-10-04T15:24:07","slug":"sippe-luchs-des-vcp-stamm-st-georg-backnang-auf-tour","status":"publish","type":"post","link":"https:\/\/vcp.de\/pfadfinden\/allgemein\/sippe-luchs-des-vcp-stamm-st-georg-backnang-auf-tour\/","title":{"rendered":"Sippe Luchs des VCP Stamm St Georg Backnang auf Tour"},"content":{"rendered":"<p><em>von Sandra Schlagenhauf<\/em><\/p>\n<p>Wenn Pfadfinder*innen auf Hajk oder Fahrt gehen dann\u2026<\/p>\n<p>\u2026.k\u00f6nnen sie was erz\u00e4hlen. Die Sippe Luchs des Stammes St. Georg -Mitglied im Verband Christlicher Pfadfinderinnen und Pfadfinder (VCP) e.V. nahm zwar nicht am etwa gleichzeitig stattfindenden World Scout Jamboree in den USA teil, aber auch Fahrt oder Hajk in Bayern bezeichnet ja mancher als Auslandfahrt. So ging es am Samstag praktisch dem ersten Ferientag mit 9 Teilnehmenden und somit fast der kompletten Sippe los.<\/p>\n<p>Start des Hajks war die Reise mit dem Zug nach Garmisch Partenkirchen welches die Sippe sich als Startort ausgew\u00e4hlt hatte.<\/p>\n<p>Skisprungschanze, Essen kaufen gehen, einen urspr\u00fcnglich aus Norddeutschland stammenden VCP Pfadfinder kennen lernen, der seine Telefonnummer f\u00fcr Notf\u00e4lle her gab, Nachtlager suchen so verging Tag 1.<\/p>\n<p>Den Wank besteigen, Abstieg bei Regen, Scheunenvordach als Unterstand, N\u00e4sse. Wo ist die Telefonnummer vom Vortag?! Pfadfinder helfen einander, hei\u00dfen Tee, Schokolade und trockenen Schlafsack von neuem Freund das war Tag 2.<\/p>\n<p>Der BdP Stamm (Bund der Pfadfinderinnen und Pfadfinder) in Garmisch Partenkirchen gibt seinen Gruppenraum zum warm werden. Das Wetter wird besser, Wanderung \u00fcber Partnachalm zur Partnachklamm, beeindruckend. Besuch am Abend, neue Freunde gefunden und weitere \u00dcbernachtungsm\u00f6glichkeit klar gemacht das brachte Tag 3.<\/p>\n<p>Eibsee, kristallklar, baden, Sonnenschein, Umzug zum n\u00e4chsten Quartier, Sipplinge schlafen im Schuppen, wieder neue Freunde vom Kreisjugendring Garmisch Partenkirchen so war der n\u00e4chste Tag.<\/p>\n<p>Letzte Tour, Alpensalamander, tolle Natur, Plansee, kurz in \u00d6sterreich, Abschlussgrillen, Fackeltour, Lieder singen, Adressen tauschen. 1000 mal Dankesch\u00f6n nach Bayern das war der letzte Tag.<\/p>\n<p>Abfahrt und R\u00fcckkehr nach Backnang mit der Gewissheit das man die neuen Freunde wieder sehen wird und Bayern auch f\u00fcr Schwaben echt cool sein kann!<\/p>\n<p>P.S.: wir hatten sogar einen kleinen \u201eSponsor\u201c mit einem Sport Gesch\u00e4ft aus Backnang welches uns kostenlos Test Trekkingst\u00f6cke zur Verf\u00fcgung gestellt hat, das sei am Rand erw\u00e4hnt .<\/p>\n<div id='gallery-1' class='gallery galleryid-14110 gallery-columns-4 gallery-size-thumbnail'><figure class='gallery-item'>\n\t\t\t<div class='gallery-icon landscape'>\n\t\t\t\t<a href='https:\/\/vcp.de\/pfadfinden\/wp-content\/uploads\/2019\/10\/20190727_112945.jpg'><img loading=\"lazy\" decoding=\"async\" width=\"150\" height=\"150\" src=\"https:\/\/vcp.de\/pfadfinden\/wp-content\/uploads\/2019\/10\/20190727_112945-150x150.jpg\" class=\"attachment-thumbnail size-thumbnail\" alt=\"\" srcset=\"https:\/\/vcp.de\/pfadfinden\/wp-content\/uploads\/2019\/10\/20190727_112945-150x150.jpg 150w, https:\/\/vcp.de\/pfadfinden\/wp-content\/uploads\/2019\/10\/20190727_112945-45x45.jpg 45w\" sizes=\"auto, (max-width: 150px) 100vw, 150px\" \/><\/a>\n\t\t\t<\/div><\/figure><figure class='gallery-item'>\n\t\t\t<div class='gallery-icon portrait'>\n\t\t\t\t<a href='https:\/\/vcp.de\/pfadfinden\/wp-content\/uploads\/2019\/10\/20190728_080114-1.jpg'><img loading=\"lazy\" decoding=\"async\" width=\"150\" height=\"150\" src=\"https:\/\/vcp.de\/pfadfinden\/wp-content\/uploads\/2019\/10\/20190728_080114-1-150x150.jpg\" class=\"attachment-thumbnail size-thumbnail\" alt=\"\" srcset=\"https:\/\/vcp.de\/pfadfinden\/wp-content\/uploads\/2019\/10\/20190728_080114-1-150x150.jpg 150w, https:\/\/vcp.de\/pfadfinden\/wp-content\/uploads\/2019\/10\/20190728_080114-1-45x45.jpg 45w\" sizes=\"auto, (max-width: 150px) 100vw, 150px\" \/><\/a>\n\t\t\t<\/div><\/figure><figure class='gallery-item'>\n\t\t\t<div class='gallery-icon portrait'>\n\t\t\t\t<a href='https:\/\/vcp.de\/pfadfinden\/wp-content\/uploads\/2019\/10\/20190728_093309.jpg'><img loading=\"lazy\" decoding=\"async\" width=\"150\" height=\"150\" src=\"https:\/\/vcp.de\/pfadfinden\/wp-content\/uploads\/2019\/10\/20190728_093309-150x150.jpg\" class=\"attachment-thumbnail size-thumbnail\" alt=\"\" srcset=\"https:\/\/vcp.de\/pfadfinden\/wp-content\/uploads\/2019\/10\/20190728_093309-150x150.jpg 150w, https:\/\/vcp.de\/pfadfinden\/wp-content\/uploads\/2019\/10\/20190728_093309-45x45.jpg 45w\" sizes=\"auto, (max-width: 150px) 100vw, 150px\" \/><\/a>\n\t\t\t<\/div><\/figure><figure class='gallery-item'>\n\t\t\t<div class='gallery-icon portrait'>\n\t\t\t\t<a href='https:\/\/vcp.de\/pfadfinden\/wp-content\/uploads\/2019\/10\/20190731_111939.jpg'><img loading=\"lazy\" decoding=\"async\" width=\"150\" height=\"150\" src=\"https:\/\/vcp.de\/pfadfinden\/wp-content\/uploads\/2019\/10\/20190731_111939-150x150.jpg\" class=\"attachment-thumbnail size-thumbnail\" alt=\"\" srcset=\"https:\/\/vcp.de\/pfadfinden\/wp-content\/uploads\/2019\/10\/20190731_111939-150x150.jpg 150w, https:\/\/vcp.de\/pfadfinden\/wp-content\/uploads\/2019\/10\/20190731_111939-45x45.jpg 45w\" sizes=\"auto, (max-width: 150px) 100vw, 150px\" \/><\/a>\n\t\t\t<\/div><\/figure>\n\t\t<\/div>\n\n","protected":false},"excerpt":{"rendered":"<p>von Sandra Schlagenhauf Wenn Pfadfinder*innen auf Hajk oder Fahrt gehen dann\u2026 \u2026.k\u00f6nnen sie was erz\u00e4hlen. Die Sippe Luchs des Stammes St. Georg -Mitglied im Verband Christlicher Pfadfinderinnen und Pfadfinder (VCP) e.V. nahm zwar nicht am etwa gleichzeitig stattfindenden World Scout Jamboree in den USA teil, aber auch Fahrt oder Hajk in Bayern bezeichnet ja mancher [&hellip;]<\/p>\n","protected":false},"author":3,"featured_media":14106,"comment_status":"closed","ping_status":"open","sticky":false,"template":"","format":"standard","meta":{"_acf_changed":false,"inline_featured_image":false,"footnotes":""},"categories":[1],"tags":[],"class_list":["post-14110","post","type-post","status-publish","format-standard","has-post-thumbnail","hentry","category-allgemein"],"acf":[],"_links":{"self":[{"href":"https:\/\/vcp.de\/pfadfinden\/wp-json\/wp\/v2\/posts\/14110","targetHints":{"allow":["GET"]}}],"collection":[{"href":"https:\/\/vcp.de\/pfadfinden\/wp-json\/wp\/v2\/posts"}],"about":[{"href":"https:\/\/vcp.de\/pfadfinden\/wp-json\/wp\/v2\/types\/post"}],"author":[{"embeddable":true,"href":"https:\/\/vcp.de\/pfadfinden\/wp-json\/wp\/v2\/users\/3"}],"replies":[{"embeddable":true,"href":"https:\/\/vcp.de\/pfadfinden\/wp-json\/wp\/v2\/comments?post=14110"}],"version-history":[{"count":0,"href":"https:\/\/vcp.de\/pfadfinden\/wp-json\/wp\/v2\/posts\/14110\/revisions"}],"wp:featuredmedia":[{"embeddable":true,"href":"https:\/\/vcp.de\/pfadfinden\/wp-json\/wp\/v2\/media\/14106"}],"wp:attachment":[{"href":"https:\/\/vcp.de\/pfadfinden\/wp-json\/wp\/v2\/media?parent=14110"}],"wp:term":[{"taxonomy":"category","embeddable":true,"href":"https:\/\/vcp.de\/pfadfinden\/wp-json\/wp\/v2\/categories?post=14110"},{"taxonomy":"post_tag","embeddable":true,"href":"https:\/\/vcp.de\/pfadfinden\/wp-json\/wp\/v2\/tags?post=14110"}],"curies":[{"name":"wp","href":"https:\/\/api.w.org\/{rel}","templated":true}]}}