{"id":13954,"date":"2019-08-23T12:57:12","date_gmt":"2019-08-23T10:57:12","guid":{"rendered":"https:\/\/www.vcp.de\/pfadfinden\/?p=13954"},"modified":"2019-08-28T13:03:58","modified_gmt":"2019-08-28T11:03:58","slug":"junge-pfadfinderinnen-nehmen-an-der-europaeischen-konferenz-der-weltweit-groessten-jugendbewegung-teil","status":"publish","type":"post","link":"https:\/\/vcp.de\/pfadfinden\/internationales\/junge-pfadfinderinnen-nehmen-an-der-europaeischen-konferenz-der-weltweit-groessten-jugendbewegung-teil\/","title":{"rendered":"Junge Pfadfinder*innen nehmen an der Europ\u00e4ischen Konferenz der weltweit gr\u00f6\u00dften Jugendbewegung teil"},"content":{"rendered":"<h2>Die Jugend entscheidet mit \u2013 ein Konzept mit Zukunft<\/h2>\n<p>Alle drei Jahre findet die gemeinsame Europakonferenz der Pfadfinderinnen und Pfadfinder statt. Sie ist die Generalversammlung der Europaregion beider Weltorganisationen (WOSM und WAGGGS) der Pfadfinder*innenbewegung. In diesem Jahr treffen sich ca. 400 Pfadfinder*innen vom 24. \u2013 28. August in Split, Kroatien, um f\u00fcr die Region gemeinsame Entscheidungen zu treffen. Auch eine deutsche Delegation wird an den Abstimmungen \u00fcber Resolutionen und zuk\u00fcnftige Strategien der Region teilnehmen und die beiden deutschen Kandidat*innen f\u00fcr die regionalen Exekutivkomitees der Weltpfadfinder*innenbewegung unterst\u00fctzen: Paula Neher (WAGGGS-Kandidatin) und Lars Kramm (WOSM-Kandidat). Die deutsche Delegation wird dabei durch sieben Junge-Delegierte verj\u00fcngt.<\/p>\n<p>Die Konferenz setzt sich zusammen aus der<\/p>\n<ul>\n<li><strong>23. European Scout Conference<\/strong><br \/>\nDiese steht f\u00fcr alle nationalen Pfadfinder*innenverb\u00e4nde, die bei der europ\u00e4ischen Region der Weltpfadfinder*innenbewegung WOSM &#8211; World Organisation of the Scout Movement \u2013 registriert sind, sowie der<\/li>\n<li><strong>16. European Guide Conference<\/strong> Diese steht f\u00fcr alle nationalen Pfadfinderinnenverb\u00e4nde, die bei der Weltpfadfinderinnenbewegung WAGGGS \u2013 World Association of Girl Guides and Girl Scouts \u2013 registriert sind, sowie der<\/li>\n<li><strong>16. European Guide and Scout Conference<\/strong> Diese ist der Zusammenschluss der oben genannten Delegationen.<\/li>\n<\/ul>\n<p>Aus Deutschland nehmen 22 Pfadfinder*innen in einer gemeinsamen Delegation des Ringe deutscher Pfadfinderinnen- und Pfadfinderverb\u00e4nde e. V. (rdp) an beiden Konferenzen teil.<\/p>\n<p>Paula Neher steht als junge Bewerberin f\u00fcr das Regionalkomitee von WAGGGS zur Wahl. Lars Kramm hat nach drei Jahren als Mitglied im Regionalkomitee von WOSM Ambitionen f\u00fcr eine weitere Amtsperiode.<\/p>\n<p>&nbsp;<\/p>\n<p>Junge Delegierte tragen als aktiver Teil der deutschen Delegation dazu bei, dass die jungen Pfadfinderinnen und Pfadfinder Deutschlands f\u00fcr eine Jugendorganisation angemessen repr\u00e4sentiert werden. Die st\u00e4rkere Partizipation junger Menschen erm\u00f6glicht der Delegation frische Perspektiven und bessere Entscheidungsfindungen. Dar\u00fcber hinaus \u00fcbernehmen die jungen Erwachsenen Verantwortung und lernen die weltweite Pfadfinder*innenbewegung kennen. So wird die Grundlage f\u00fcr eine personelle Verj\u00fcngung innerhalb nationaler und globaler Strukturen gelegt, die vorrangig von Erwachsenen gepr\u00e4gt sind.<\/p>\n<p>Die deutschen Pfadfinder*innenverb\u00e4nde w\u00e4hlen hierzu jeweils zwei junge Erwachsene unter 25 Jahren f\u00fcr bis zu 2 Jahre. Sie nehmen an der Europa- und Weltkonferenz der Pfadfinder*innen teil und kommunizieren ihre Erfahrung innerverbandlich. Sie lernen die nationalen Strukturen kennen, vernetzen sich mit anderen Young Delegates aus Europa und bringen sich aktiv in die Verbandsarbeit mit ein.<\/p>\n<p>&nbsp;<\/p>\n<p>Mehr Informationen zur Konferenz: <a href=\"http:\/\/en16egsc.europak-online.net\">http:\/\/en16egsc.europak-online.net<\/a><\/p>\n<p>Mehr Informationen zu den Jungen Delegierten: <a href=\"https:\/\/www.pfadfinden-in-deutschland.de\/themen\/internationales\/welt-und-europakonferenzen\/young-delegate-programm\/\">https:\/\/www.pfadfinden-in-deutschland.de\/themen\/internationales\/welt-und-europakonferenzen\/young-delegate-programm\/<\/a><\/p>\n<p>&nbsp;<\/p>\n<p><strong>Kontaktdaten<\/strong><\/p>\n<p>Stefanie Rautenberg<\/p>\n<p>Referentin f\u00fcr \u00d6ffentlichkeitsarbeit und externe Beziehungen<\/p>\n<p>E-Mail: <a href=\"mailto:stefanie.rautenberg@rdp-rdp.de\">stefanie.rautenberg@rdp-rdp.de<\/a><\/p>\n<p>Telefon: 030 288 7895 35<\/p>\n","protected":false},"excerpt":{"rendered":"<p>Die Jugend entscheidet mit \u2013 ein Konzept mit Zukunft Alle drei Jahre findet die gemeinsame Europakonferenz der Pfadfinderinnen und Pfadfinder statt. Sie ist die Generalversammlung der Europaregion beider Weltorganisationen (WOSM und WAGGGS) der Pfadfinder*innenbewegung. In diesem Jahr treffen sich ca. 400 Pfadfinder*innen vom 24. \u2013 28. August in Split, Kroatien, um f\u00fcr die Region gemeinsame [&hellip;]<\/p>\n","protected":false},"author":52,"featured_media":13955,"comment_status":"closed","ping_status":"open","sticky":false,"template":"","format":"standard","meta":{"_acf_changed":false,"inline_featured_image":false,"footnotes":""},"categories":[14],"tags":[],"class_list":["post-13954","post","type-post","status-publish","format-standard","has-post-thumbnail","hentry","category-internationales"],"acf":[],"_links":{"self":[{"href":"https:\/\/vcp.de\/pfadfinden\/wp-json\/wp\/v2\/posts\/13954","targetHints":{"allow":["GET"]}}],"collection":[{"href":"https:\/\/vcp.de\/pfadfinden\/wp-json\/wp\/v2\/posts"}],"about":[{"href":"https:\/\/vcp.de\/pfadfinden\/wp-json\/wp\/v2\/types\/post"}],"author":[{"embeddable":true,"href":"https:\/\/vcp.de\/pfadfinden\/wp-json\/wp\/v2\/users\/52"}],"replies":[{"embeddable":true,"href":"https:\/\/vcp.de\/pfadfinden\/wp-json\/wp\/v2\/comments?post=13954"}],"version-history":[{"count":0,"href":"https:\/\/vcp.de\/pfadfinden\/wp-json\/wp\/v2\/posts\/13954\/revisions"}],"wp:featuredmedia":[{"embeddable":true,"href":"https:\/\/vcp.de\/pfadfinden\/wp-json\/wp\/v2\/media\/13955"}],"wp:attachment":[{"href":"https:\/\/vcp.de\/pfadfinden\/wp-json\/wp\/v2\/media?parent=13954"}],"wp:term":[{"taxonomy":"category","embeddable":true,"href":"https:\/\/vcp.de\/pfadfinden\/wp-json\/wp\/v2\/categories?post=13954"},{"taxonomy":"post_tag","embeddable":true,"href":"https:\/\/vcp.de\/pfadfinden\/wp-json\/wp\/v2\/tags?post=13954"}],"curies":[{"name":"wp","href":"https:\/\/api.w.org\/{rel}","templated":true}]}}