{"id":1289,"date":"2014-12-08T08:00:20","date_gmt":"2014-12-08T06:00:20","guid":{"rendered":"http:\/\/www.vcp.de\/pfadfinden\/?p=1289"},"modified":"2015-02-18T00:11:59","modified_gmt":"2015-02-17T22:11:59","slug":"fundstueck-der-woche-gastgeber-fuer-die-welt","status":"publish","type":"post","link":"https:\/\/vcp.de\/pfadfinden\/vcp-bundesarchiv\/fundstueck-der-woche-gastgeber-fuer-die-welt\/","title":{"rendered":"Fundst\u00fcck der Woche: Gastgeber f\u00fcr die Welt"},"content":{"rendered":"<figure id=\"attachment_1290\" aria-describedby=\"caption-attachment-1290\" style=\"width: 160px\" class=\"wp-caption alignleft\"><a href=\"https:\/\/www.vcp.de\/pfadfinden\/wp-content\/uploads\/2014\/11\/43-Brasilien.jpg\"><img loading=\"lazy\" decoding=\"async\" class=\"wp-image-1290 \" src=\"https:\/\/www.vcp.de\/pfadfinden\/wp-content\/uploads\/2014\/11\/43-Brasilien-297x300.jpg\" alt=\"43 Brasilien\" width=\"160\" height=\"162\" srcset=\"https:\/\/vcp.de\/pfadfinden\/wp-content\/uploads\/2014\/11\/43-Brasilien-297x300.jpg 297w, https:\/\/vcp.de\/pfadfinden\/wp-content\/uploads\/2014\/11\/43-Brasilien.jpg 980w\" sizes=\"auto, (max-width: 160px) 100vw, 160px\" \/><\/a><figcaption id=\"caption-attachment-1290\" class=\"wp-caption-text\">39. WOSM-Weltkonferenz<\/figcaption><\/figure>\n<p>Ja, in diesem Jahr war Brasilien Gastgeber der Fu\u00dfball-Weltmeisterschaft. Aber vor nur drei Jahren hatte dieses arme, sch\u00f6ne Land ebenfalls schon Vertreter aus aller Welt zu Gast, n\u00e4mlich zur 39. WOSM-Weltkonferenz. Ein klein wenig strahlt davon immer noch in unser VCP-Bundesarchiv \u2013 in Form dieses leuchtenden Abzeichens in den heitersten Farben.<\/p>\n","protected":false},"excerpt":{"rendered":"<p>Ja, in diesem Jahr war Brasilien Gastgeber der Fu\u00dfball-Weltmeisterschaft. Aber vor nur drei Jahren hatte dieses arme, sch\u00f6ne Land ebenfalls schon Vertreter aus aller Welt zu Gast, n\u00e4mlich zur 39. WOSM-Weltkonferenz. Ein klein wenig strahlt davon immer noch in unser VCP-Bundesarchiv \u2013 in Form dieses leuchtenden Abzeichens in den heitersten Farben.<\/p>\n","protected":false},"author":52,"featured_media":1737,"comment_status":"closed","ping_status":"open","sticky":false,"template":"","format":"standard","meta":{"_acf_changed":false,"inline_featured_image":false,"footnotes":""},"categories":[23],"tags":[],"class_list":["post-1289","post","type-post","status-publish","format-standard","has-post-thumbnail","hentry","category-vcp-bundesarchiv"],"acf":[],"_links":{"self":[{"href":"https:\/\/vcp.de\/pfadfinden\/wp-json\/wp\/v2\/posts\/1289","targetHints":{"allow":["GET"]}}],"collection":[{"href":"https:\/\/vcp.de\/pfadfinden\/wp-json\/wp\/v2\/posts"}],"about":[{"href":"https:\/\/vcp.de\/pfadfinden\/wp-json\/wp\/v2\/types\/post"}],"author":[{"embeddable":true,"href":"https:\/\/vcp.de\/pfadfinden\/wp-json\/wp\/v2\/users\/52"}],"replies":[{"embeddable":true,"href":"https:\/\/vcp.de\/pfadfinden\/wp-json\/wp\/v2\/comments?post=1289"}],"version-history":[{"count":0,"href":"https:\/\/vcp.de\/pfadfinden\/wp-json\/wp\/v2\/posts\/1289\/revisions"}],"wp:featuredmedia":[{"embeddable":true,"href":"https:\/\/vcp.de\/pfadfinden\/wp-json\/wp\/v2\/media\/1737"}],"wp:attachment":[{"href":"https:\/\/vcp.de\/pfadfinden\/wp-json\/wp\/v2\/media?parent=1289"}],"wp:term":[{"taxonomy":"category","embeddable":true,"href":"https:\/\/vcp.de\/pfadfinden\/wp-json\/wp\/v2\/categories?post=1289"},{"taxonomy":"post_tag","embeddable":true,"href":"https:\/\/vcp.de\/pfadfinden\/wp-json\/wp\/v2\/tags?post=1289"}],"curies":[{"name":"wp","href":"https:\/\/api.w.org\/{rel}","templated":true}]}}