{"id":12655,"date":"2019-03-11T21:38:58","date_gmt":"2019-03-11T20:38:58","guid":{"rendered":"https:\/\/www.vcp.de\/pfadfinden\/?p=12655"},"modified":"2023-01-14T09:06:52","modified_gmt":"2023-01-14T08:06:52","slug":"das-kreuz-mit-dem-karfreitag","status":"publish","type":"post","link":"https:\/\/vcp.de\/pfadfinden\/allgemein\/das-kreuz-mit-dem-karfreitag\/","title":{"rendered":"Das Kreuz mit dem Karfreitag"},"content":{"rendered":"<p>Von Esther Koch<\/p>\n<p>Ein bekanntes Bild in der christlichen Kunst: drei Kreuze auf einem H\u00fcgel. In der Mitte, so wissen wir, h\u00e4ngt Jesus Christus am Kreuz. Mit ihm wurden zwei Verbrecher get\u00f6tet. Einer links von ihm, einer rechts.<\/p>\n<p>Richtig, das Kreuz war ein Folterinstrument. Die Kreuzigung ist eine der grausamsten Arten, einen Menschen umzubringen. Auch bei den R\u00f6mern, den damals Herrschenden, galt sie als die \u201egrausamste, \u00adentsetzlichste\u201c (Cicero) Hinrichtungsart. Deshalb durften r\u00f6mische B\u00fcrger*innen von Rechts wegen nicht gekreuzigt werden. Jesus hat sein Kreuz selbst zu seinem Hinrichtungsort tragen m\u00fcssen. \u00dcber Stunden zog sich sein Sterben hin, er starb eines qualvollen Todes. Noch heute ist das Kreuz darum ein Bild f\u00fcr menschliches Leid. Jemand muss, wenn ihm etwas Schlimmes geschieht, \u201esein Kreuz tragen\u201c oder gilt als \u201ekreuz\u00ad ungl\u00fccklich\u201c.<\/p>\n<p>An Karfreitag erinnern wir uns dem Leiden und Sterben Jesu. Und das tun wir \u2013 wie es in Trauer angebracht ist \u2013 in aller Stille. Die Kirchglocken verstummen und die Orgel schweigt. An diesem Tag sollte nichts Spa\u00dfiges unternommen werden, man schl\u00e4gt sich nicht den Bauch voll und geht auch nicht feiern. Karfreitag ist ein Feiertag. Aber kein Tag, an dem gefeiert wird. Nicht jedem schmeckt das. Warum haben alle Gesch\u00e4fte zu, wenn man doch endlich mal Zeit zum Shoppen h\u00e4tte.<\/p>\n<p>Warum keine Party, wenn man am n\u00e4chsten Tag ausschlafen k\u00f6nnte?<br \/>\nIn den vergangenen Jahren mehrten sich die Stimmen, die sich vor allem gegen das Tanzverbot aussprachen. Es w\u00e4re nicht mehr zeitgem\u00e4\u00df, so die Gegner des Verbots. Man wolle sich nicht vorschreiben lassen, wie man zu leben und zu feiern habe.<\/p>\n<ul>\n<li><\/li>\n<\/ul>\n<p>Karfreitag ist wie Weihnachten ein fester Bestandteil des Kirchenjahres. Das Kirchenjahr und seine Feste haben seit jeher auch das Leben der Gl\u00e4ubigen strukturiert, denn es gibt uns Zeiten vor. Zeiten zum Freuen und Feiern, Zeiten f\u00fcr Trauer, Zeiten f\u00fcr Bitte und Dank, Zeiten zur Besinnung.<\/p>\n<h3><strong>Betet einen Kreuzweg<\/strong><\/h3>\n<p>Jedes Jahr gibt es den \u00f6kumenischen Jugendkreuzweg. \u00adDieses Jahr tr\u00e4gt er den Titel \u201eAns Licht\u201c und<br \/>\nenth\u00e4lt wieder Bilder, Texte, Noten, Musik und eine<br \/>\nApp zum Mitbeten.<\/p>\n<p>Ruhe \u00adkommen darf, um sich auch den \u00adernsten und dunklen \u00adSeiten zu stellen.<\/p>\n<p>Und so hat auch der Karfreitag einen festen Platz im Jahr und im Leben der Menschen. Einen Tag, an dem der Mensch zur Ruhe kommen darf, um sich auch den ernsten und dunklen Seiten zu stellen. Sich mit dem eigenen Kreuz, dass jede*r herumtr\u00e4gt auseinander zu setzen. Oder auf die Mitmenschen zu schauen: Wie geht es ihnen? Kann ich helfen?<\/p>\n<h3><strong>Tanzt das Leben<\/strong><\/h3>\n<p>Es tut jedem Menschen und der Gesellschaft gut, wenn es in unserer schnelllebigen Zeit Haltestellen gibt, an denen man kurz anh\u00e4lt und sich darauf besinnt, was wichtig ist. Dies auch in einer \u00e4u\u00dferlichen Ruhe zu tun, unterstreicht die Bedeutung dieses Feiertages.<\/p>\n<p>Mehr zum Jugendkreuzweg gibt es unter<br \/>\n<a href=\"http:\/\/www.jugendkreuzweg-online.de\" target=\"_blank\" rel=\"noopener noreferrer\">www.jugendkreuzweg-online.de<\/a>.<br \/>\nSie sind ganzj\u00e4hrig im Gesamten oder als Bausteine f\u00fcr Andachten, Gebetsimpulse oder Gruppenstunden einsetzbar. Die App \u201eAns Licht\u201c ist \u00fcber die bekannten Stores zu beziehen. Alle Materialien k\u00f6nnen ab sofort \u00fcber den Verlag Haus Altenberg unter <a href=\"http:\/\/www.jhdshop.de\" target=\"_blank\" rel=\"noopener noreferrer\">www.jhdshop.de<\/a> bestellt werden.<\/p>\n<p>Die Geschichte, die wir uns an Karfreitag erinnern, hat ein Happy End. An Ostern, drei Tage nach Karfreitag, ist Jesus wieder auferstanden. Halleluja, er ist wahrhaftig auferstanden! Die Tage der Stille und Traurigkeit sind vorbei. Es darf gefeiert werden! Wie w\u00e4re es mit einem gemeinsamen Kreistanz nach dem Ostergottesdienst?<\/p>\n<h3><strong>Ideen f\u00fcr den Karfreitag:<br \/>\n<\/strong><\/h3>\n<h4 style=\"padding-left: 30px;\"><strong>Gestaltet eine Andacht zur Todesstunde Jesu<\/strong><\/h4>\n<ul>\n<li>Er\u00f6ffnet die Andacht und sprecht ein Gebet.<\/li>\n<li>Lest das Evangelium nach Lukas 23, 33\u2013 49 Kreuzigung Jesu.<\/li>\n<li>Nehmt euch eine Zeit der Stille. \u00ad<\/li>\n<li>Welches \u201eKreuz\u201c belastet euch am meisten?<\/li>\n<\/ul>\n<h4 style=\"padding-left: 30px;\"><strong>Gestaltet euch ein Kreuz<\/strong><\/h4>\n<ul>\n<li>Bastelt ein Kreuz! Jede*r eines f\u00fcr sich oder zusammen eines.<\/li>\n<li>Schneidet euch aus Tonkarton die Silhouette eines Kreuzes aus. Klebt hinter das Kreuz eine Klarsichtfolie. Dann \u201ef\u00fcllt\u201c das Kreuz mit Transparentpapierschnipsel.<\/li>\n<li>Ihr k\u00f6nnt euch aber auch ein Kreuz aus Fimo formen und mit Steinchen bekleben, oder aus Holz auss\u00e4gen und anmalen, oder aus Perlen f\u00e4deln oder aus \u00c4sten binden, oder eine Schmuckfassung mit Mosaiksteinchen bekleben, oder \u2026<\/li>\n<\/ul>\n<p>&nbsp;<\/p>\n<figure id=\"attachment_12653\" aria-describedby=\"caption-attachment-12653\" style=\"width: 300px\" class=\"wp-caption aligncenter\"><a href=\"https:\/\/www.vcp.de\/pfadfinden\/wp-content\/uploads\/2019\/02\/Friedenslicht_2014_Foto-Olaf-Eybe.jpg\"><img loading=\"lazy\" decoding=\"async\" class=\"size-medium wp-image-12653\" src=\"https:\/\/www.vcp.de\/pfadfinden\/wp-content\/uploads\/2019\/02\/Friedenslicht_2014_Foto-Olaf-Eybe-300x271.jpg\" alt=\"\" width=\"300\" height=\"271\" srcset=\"https:\/\/vcp.de\/pfadfinden\/wp-content\/uploads\/2019\/02\/Friedenslicht_2014_Foto-Olaf-Eybe-300x271.jpg 300w, https:\/\/vcp.de\/pfadfinden\/wp-content\/uploads\/2019\/02\/Friedenslicht_2014_Foto-Olaf-Eybe.jpg 664w\" sizes=\"auto, (max-width: 300px) 100vw, 300px\" \/><\/a><figcaption id=\"caption-attachment-12653\" class=\"wp-caption-text\">Foto: Olaf Eybe<\/figcaption><\/figure>\n","protected":false},"excerpt":{"rendered":"<p>Von Esther Koch Ein bekanntes Bild in der christlichen Kunst: drei Kreuze auf einem H\u00fcgel. In der Mitte, so wissen wir, h\u00e4ngt Jesus Christus am Kreuz. Mit ihm wurden zwei Verbrecher get\u00f6tet. Einer links von ihm, einer rechts. Richtig, das Kreuz war ein Folterinstrument. Die Kreuzigung ist eine der grausamsten Arten, einen Menschen umzubringen. Auch [&hellip;]<\/p>\n","protected":false},"author":52,"featured_media":12654,"comment_status":"closed","ping_status":"open","sticky":false,"template":"","format":"standard","meta":{"_acf_changed":false,"inline_featured_image":false,"footnotes":""},"categories":[1,419],"tags":[229,352],"class_list":["post-12655","post","type-post","status-publish","format-standard","has-post-thumbnail","hentry","category-allgemein","category-auf-neuem-pfad","tag-ankommen","tag-anp1901"],"acf":[],"_links":{"self":[{"href":"https:\/\/vcp.de\/pfadfinden\/wp-json\/wp\/v2\/posts\/12655","targetHints":{"allow":["GET"]}}],"collection":[{"href":"https:\/\/vcp.de\/pfadfinden\/wp-json\/wp\/v2\/posts"}],"about":[{"href":"https:\/\/vcp.de\/pfadfinden\/wp-json\/wp\/v2\/types\/post"}],"author":[{"embeddable":true,"href":"https:\/\/vcp.de\/pfadfinden\/wp-json\/wp\/v2\/users\/52"}],"replies":[{"embeddable":true,"href":"https:\/\/vcp.de\/pfadfinden\/wp-json\/wp\/v2\/comments?post=12655"}],"version-history":[{"count":1,"href":"https:\/\/vcp.de\/pfadfinden\/wp-json\/wp\/v2\/posts\/12655\/revisions"}],"predecessor-version":[{"id":28467,"href":"https:\/\/vcp.de\/pfadfinden\/wp-json\/wp\/v2\/posts\/12655\/revisions\/28467"}],"wp:featuredmedia":[{"embeddable":true,"href":"https:\/\/vcp.de\/pfadfinden\/wp-json\/wp\/v2\/media\/12654"}],"wp:attachment":[{"href":"https:\/\/vcp.de\/pfadfinden\/wp-json\/wp\/v2\/media?parent=12655"}],"wp:term":[{"taxonomy":"category","embeddable":true,"href":"https:\/\/vcp.de\/pfadfinden\/wp-json\/wp\/v2\/categories?post=12655"},{"taxonomy":"post_tag","embeddable":true,"href":"https:\/\/vcp.de\/pfadfinden\/wp-json\/wp\/v2\/tags?post=12655"}],"curies":[{"name":"wp","href":"https:\/\/api.w.org\/{rel}","templated":true}]}}