{"id":12418,"date":"2019-02-08T14:00:10","date_gmt":"2019-02-08T13:00:10","guid":{"rendered":"https:\/\/www.vcp.de\/pfadfinden\/?p=12418"},"modified":"2019-02-15T12:30:23","modified_gmt":"2019-02-15T11:30:23","slug":"die-neue-vcp-bundesleitung-stellt-sich-vor-heute-antonia-aus-dem-referat-vielfalt","status":"publish","type":"post","link":"https:\/\/vcp.de\/pfadfinden\/aus-dem-verband\/die-neue-vcp-bundesleitung-stellt-sich-vor-heute-antonia-aus-dem-referat-vielfalt\/","title":{"rendered":"Die neue VCP-Bundesleitung stellt sich vor: Heute Antonia aus dem Referat Vielfalt"},"content":{"rendered":"<p>Hey, ich bin Antonia (Toni), 29 Jahre alt und freue mich, das Referat f\u00fcr Vielfalt f\u00fcr den VCP zu \u00fcbernehmen.<\/p>\n<p>Ich bin ab der W\u00f6lflingsstufe im <a href=\"http:\/\/www.niedersachsen.vcp.de\" target=\"_blank\" rel=\"noopener\">VCP Niedersachen<\/a> <a href=\"https:\/\/www.vcp-selo.de\/\" target=\"_blank\" rel=\"noopener\">Stamm Mechthild von Lona<\/a> gro\u00df geworden und bin dort Stammesleitung gewesen. Zum Studieren bin ich dann nach W\u00fcrzburg gezogen und zum <a href=\"http:\/\/www.bayern.vcp.de\" target=\"_blank\" rel=\"noopener\">VCP Bayern<\/a> gewechselt. Ich bin Stammesleitung im <a href=\"https:\/\/mainfranken.vcp-bayern.de\/staemme\/stamm-walther-von-der-vogelweide\/\" target=\"_blank\" rel=\"noopener\">VCP W\u00fcrzburg\/Estenfeld<\/a> und Delegierte zur Landes- und Bundesversammlung gewesen und so zu meinem aktuellen Job in der Bundesleitung gekommen.<\/p>\n<p><a href=\"https:\/\/www.vcp.de\/pfadfinden\/wp-content\/uploads\/2019\/02\/Vielfalt.jpg\"><img loading=\"lazy\" decoding=\"async\" class=\"aligncenter wp-image-12419 size-medium\" src=\"https:\/\/www.vcp.de\/pfadfinden\/wp-content\/uploads\/2019\/02\/Vielfalt-300x262.jpg\" alt=\"\" width=\"300\" height=\"262\" srcset=\"https:\/\/vcp.de\/pfadfinden\/wp-content\/uploads\/2019\/02\/Vielfalt-300x262.jpg 300w, https:\/\/vcp.de\/pfadfinden\/wp-content\/uploads\/2019\/02\/Vielfalt.jpg 549w\" sizes=\"auto, (max-width: 300px) 100vw, 300px\" \/><\/a><\/p>\n<p>Das Referat Vielfalt ist aus den W\u00fcnschen und Ideen der Pfadfindung entstanden und diese bilden auch die Grundlage meines Referats. Aktuell habe ich vier gro\u00dfe Schwerpunkte:<\/p>\n<p>Interkulturalit\u00e4t &amp; Interreligi\u00f6sit\u00e4t Ich m\u00f6chte, dass der VCP offen ist (wird) f\u00fcr Menschen mit Migrationshintergrund, anderen Religionen und ohne Religionszugeh\u00f6rigkeit. Es sollen Projekte f\u00fcr interkulturellen und interreligi\u00f6sen Austausch entstehen.<\/p>\n<p>Soziale Gerechtigkeit Der VCP ist ein Verband mit einem hohen Anteil von Akademiker*innen. Ich m\u00f6chte, dass nicht-akademische VCPler*innen gest\u00e4rkt werden. Au\u00dferdem soll es niederschwellige Angebote f\u00fcr finanziell schlechter gestellte Pfadfinder*innen geben. Um den Ist-Zustand in unserem Verband genau zu kennen, soll es eine Sozialerhebung geben, die eventuell als Masterarbeit ausgelagert wird, um verl\u00e4ssliche Daten zu bekommen.<\/p>\n<p>Barrierefreiheit Unsere H\u00e4user, Projekte und Publikationen sollen f\u00fcr jede*n erreichbar sein. Au\u00dferdem m\u00f6chte ich, dass VCPler*innen mit Behinderungen\/Einschr\u00e4nkungen und ihre St\u00e4mme gef\u00f6rdert werden.<\/p>\n<p>Diversity Das gro\u00dfe Ziel ist, dass sich jede*r bei uns wohlf\u00fchlt. Ich m\u00f6chte, dass queeres Pfadfinden im Verband sichtbar wird. Queere Pfadfinder*innen sollen sich empowern k\u00f6nnen und jede*r so sein k\u00f6nnen, wie sie*er ist. Au\u00dferdem m\u00f6chte ich, dass \u00fcber Vielfalt im VCP geredet wird. Daf\u00fcr sollen Arbeitshilfen entstehen und Angebote geplant werden. Denn unsere Welt ist bunt und vielf\u00e4ltig und das ist auch gut so!<\/p>\n<p>Freut euch auf einen VCP, der (noch) vielf\u00e4ltiger wird und in dem sich jede*r von uns wohlf\u00fchlen kann.<\/p>\n<p>Toni<\/p>\n","protected":false},"excerpt":{"rendered":"<p>Hey, ich bin Antonia (Toni), 29 Jahre alt und freue mich, das Referat f\u00fcr Vielfalt f\u00fcr den VCP zu \u00fcbernehmen. Ich bin ab der W\u00f6lflingsstufe im VCP Niedersachen Stamm Mechthild von Lona gro\u00df geworden und bin dort Stammesleitung gewesen. Zum Studieren bin ich dann nach W\u00fcrzburg gezogen und zum VCP Bayern gewechselt. Ich bin Stammesleitung [&hellip;]<\/p>\n","protected":false},"author":3,"featured_media":12419,"comment_status":"closed","ping_status":"open","sticky":false,"template":"","format":"standard","meta":{"_acf_changed":false,"inline_featured_image":false,"footnotes":""},"categories":[5],"tags":[87],"class_list":["post-12418","post","type-post","status-publish","format-standard","has-post-thumbnail","hentry","category-aus-dem-verband","tag-bundesleitung"],"acf":[],"_links":{"self":[{"href":"https:\/\/vcp.de\/pfadfinden\/wp-json\/wp\/v2\/posts\/12418","targetHints":{"allow":["GET"]}}],"collection":[{"href":"https:\/\/vcp.de\/pfadfinden\/wp-json\/wp\/v2\/posts"}],"about":[{"href":"https:\/\/vcp.de\/pfadfinden\/wp-json\/wp\/v2\/types\/post"}],"author":[{"embeddable":true,"href":"https:\/\/vcp.de\/pfadfinden\/wp-json\/wp\/v2\/users\/3"}],"replies":[{"embeddable":true,"href":"https:\/\/vcp.de\/pfadfinden\/wp-json\/wp\/v2\/comments?post=12418"}],"version-history":[{"count":0,"href":"https:\/\/vcp.de\/pfadfinden\/wp-json\/wp\/v2\/posts\/12418\/revisions"}],"wp:featuredmedia":[{"embeddable":true,"href":"https:\/\/vcp.de\/pfadfinden\/wp-json\/wp\/v2\/media\/12419"}],"wp:attachment":[{"href":"https:\/\/vcp.de\/pfadfinden\/wp-json\/wp\/v2\/media?parent=12418"}],"wp:term":[{"taxonomy":"category","embeddable":true,"href":"https:\/\/vcp.de\/pfadfinden\/wp-json\/wp\/v2\/categories?post=12418"},{"taxonomy":"post_tag","embeddable":true,"href":"https:\/\/vcp.de\/pfadfinden\/wp-json\/wp\/v2\/tags?post=12418"}],"curies":[{"name":"wp","href":"https:\/\/api.w.org\/{rel}","templated":true}]}}