{"id":12155,"date":"2018-12-19T15:01:02","date_gmt":"2018-12-19T13:01:02","guid":{"rendered":"https:\/\/www.vcp.de\/pfadfinden\/?p=12155"},"modified":"2018-12-20T10:05:11","modified_gmt":"2018-12-20T08:05:11","slug":"eine-burg-feiert","status":"publish","type":"post","link":"https:\/\/vcp.de\/pfadfinden\/allgemein\/eine-burg-feiert\/","title":{"rendered":"Eine Burg feiert"},"content":{"rendered":"<h2>Die Burg Rieneck wird 60 und ist rundrum erneuert<\/h2>\n<p>Es war Januar 1959 als Heinrich Karsch, der die CPD f\u00fchrte, zum ersten Mal den Namen \u201eBurg Rieneck\u201c h\u00f6rte. Die CPD, einer der Vorg\u00e4ngerb\u00fcnde des VCP, war damals dringend auf der Suche nach einem Bundeszentrum, sodass Heinrich schon eine Woche sp\u00e4ter mit dem Zug nach Rieneck fuhr, um sich die Burg anzusehen. Er ging durch ein Dorf mit Misthaufen vor den H\u00f6fen. Ochsenkarren fuhren durch die Stra\u00dfen, die Einwohner be\u00e4ugten den Fremden. Oben auf dem Burgberg angekommen trat er in einen Hof mit einem Brunnen, umrahmt von Wiesen und B\u00e4umen. Der Dicke Burgturm war mit Efeu bewachsen. Wo heute das Saalgeb\u00e4ude steht, \u00f6ffnete sich der Blick \u00fcber das Tal.<\/p>\n<p>Es muss Liebe auf den ersten Blick gewesen sein. Die Entscheidung, die Burg zu pachten, war jedenfalls schnell getroffen. Schon im Fr\u00fchjahr kamen die ersten Helfer*innen und bereiteten die Burg auf ihre erste Belegung vor. Am 21.Juni 1959 war dann die feierliche Er\u00f6ffnung.<\/p>\n<p>Viele haben dort seitdem unvergessliche Augenblicke erlebt und ihre (VCP-)Heimat auf der Burg gefunden. Hier haben unz\u00e4hlige Bundesversammlungen, Bundesr\u00e4te, Fachgruppentreffen und andere Veranstaltungen stattgefunden. Wir haben N\u00e4chte im Gew\u00f6lbekeller gesungen, Gottesdienste im Burggraben gefeiert, Programmangebote ausget\u00fcftelt, Freundschaften \u00fcber Grenzen hinweg geschlossen, diskutiert, haben uns verliebt und ganz oft dann auch hier geheiratet. Die Burg Rieneck hat in den letzten 60 Jahren das Leben sehr vieler Menschen entscheidend gepr\u00e4gt.<\/p>\n<p>Auch die Burg hat sich \u00fcber die Jahre ver\u00e4ndert: 1964 wurde sie gekauft, 1976 das Saalgeb\u00e4ude errichtet. 1988 wurde die Burg umfangreich umgebaut. 2002 brach ein Teil der Burgmauern ein, darauf folgte eine zweite gro\u00dfe Umbauphase mit dem Bau des Waschhauses. Endlich hatten wir sch\u00f6ne Zeltm\u00f6glichkeiten.<\/p>\n<p>Seit ungef\u00e4hr zwei Jahren wird wieder umgebaut und renoviert. Seitdem ist es auch mal laut und staubig und manchmal unbequemer. Und warum? Die \u00d6lheizung wurde alt, die Fenster undicht, die Heizkosten stiegen immer h\u00f6her. Die K\u00fcche war f\u00fcr den Betrieb zu klein, und, und, und\u2026.<\/p>\n<p>Wieder kamen Helfer*innen. Richtig viele VCPer*innen und Burgverbundene haben die \u00c4rmel hochgekrempelt und sich in die Arbeit gest\u00fcrzt &#8211; ein paar sogar \u00fcber unglaublich viele Wochen &#8211; das alles, um die Burg bei den Renovierungen zu unterst\u00fctzen.<\/p>\n<h4>Alles in allem ein richtig gro\u00dfer Kraftakt!<\/h4>\n<p>In den n\u00e4chsten Wochen werden wir (hoffentlich!) mit dem Umbau fertig.<br \/>\nSo haben wir 2019 zwei Gr\u00fcnde ein gro\u00dfes Fest zu begehen. Wir k\u00f6nnen unsere Wiedereinweihung nach der Renovierung zusammen mit dem 60-j\u00e4hrigen Burgjubil\u00e4um feiern!<\/p>\n<div id='gallery-1' class='gallery galleryid-12155 gallery-columns-2 gallery-size-medium'><figure class='gallery-item'>\n\t\t\t<div class='gallery-icon portrait'>\n\t\t\t\t<a href='https:\/\/vcp.de\/pfadfinden\/wp-content\/uploads\/2018\/12\/20180421_092416_Rica-Roesner.jpg'><img loading=\"lazy\" decoding=\"async\" width=\"169\" height=\"300\" src=\"https:\/\/vcp.de\/pfadfinden\/wp-content\/uploads\/2018\/12\/20180421_092416_Rica-Roesner-169x300.jpg\" class=\"attachment-medium size-medium\" alt=\"\" aria-describedby=\"gallery-1-12159\" srcset=\"https:\/\/vcp.de\/pfadfinden\/wp-content\/uploads\/2018\/12\/20180421_092416_Rica-Roesner-169x300.jpg 169w, https:\/\/vcp.de\/pfadfinden\/wp-content\/uploads\/2018\/12\/20180421_092416_Rica-Roesner-576x1024.jpg 576w, https:\/\/vcp.de\/pfadfinden\/wp-content\/uploads\/2018\/12\/20180421_092416_Rica-Roesner.jpg 631w\" sizes=\"auto, (max-width: 169px) 100vw, 169px\" \/><\/a>\n\t\t\t<\/div>\n\t\t\t\t<figcaption class='wp-caption-text gallery-caption' id='gallery-1-12159'>\n\t\t\t\tFoto: Rica R\u00f6sner\n\t\t\t\t<\/figcaption><\/figure><figure class='gallery-item'>\n\t\t\t<div class='gallery-icon landscape'>\n\t\t\t\t<a href='https:\/\/vcp.de\/pfadfinden\/wp-content\/uploads\/2018\/12\/42859498921_4642687fb3_o_VCP-flickr.jpg'><img loading=\"lazy\" decoding=\"async\" width=\"300\" height=\"169\" src=\"https:\/\/vcp.de\/pfadfinden\/wp-content\/uploads\/2018\/12\/42859498921_4642687fb3_o_VCP-flickr-300x169.jpg\" class=\"attachment-medium size-medium\" alt=\"\" aria-describedby=\"gallery-1-12160\" srcset=\"https:\/\/vcp.de\/pfadfinden\/wp-content\/uploads\/2018\/12\/42859498921_4642687fb3_o_VCP-flickr-300x169.jpg 300w, https:\/\/vcp.de\/pfadfinden\/wp-content\/uploads\/2018\/12\/42859498921_4642687fb3_o_VCP-flickr-768x432.jpg 768w, https:\/\/vcp.de\/pfadfinden\/wp-content\/uploads\/2018\/12\/42859498921_4642687fb3_o_VCP-flickr.jpg 800w\" sizes=\"auto, (max-width: 300px) 100vw, 300px\" \/><\/a>\n\t\t\t<\/div>\n\t\t\t\t<figcaption class='wp-caption-text gallery-caption' id='gallery-1-12160'>\n\t\t\t\tFoto: Hanna R\u00f6wer\n\t\t\t\t<\/figcaption><\/figure>\n\t\t<\/div>\n\n<p><strong>Wir laden Euch alle herzlich zum Burgfest am 25. Mai 2019 ein!<\/strong><\/p>\n<p><strong>Wann?<\/strong> 25.05.2019 ab 14:30 Uhr<br \/>\n<strong>Wie?<\/strong> Mit einem Tag der offenen T\u00fcr, einem ordentlichen Fest &amp; Musik auf Burg Rieneck<br \/>\n<strong>Wer?<\/strong> Alle VCPer*innen, Burgliebhaber*innen, Mithelfende, Rienecker*innen,&#8230;<\/p>\n<p><strong>Kontakt:<\/strong><\/p>\n<p>Anmeldung als Helfer*in bei Stefanie Schulz unter <a href=\"mailto:stefanie.schulz@vcp.de\">stefanie.schulz@vcp.de<\/a><\/p>\n<p>Infos, Konditionen und Anmeldung f\u00fcr eine \u00dcbernachtung auf dem Zeltplatz: <a href=\"https:\/\/www.www.burg-rieneck.de\" target=\"_blank\" rel=\"noopener\">www.burg-rieneck.de<\/a>, <a href=\"mailto:info@burg-rieneck.de\">info@burg-rieneck.de<\/a>, 09354-902317<\/p>\n<p>Wir freuen uns auf das Burgfest und Euch!<br \/>\nDas Planungsteam: Rike, Steffi und Peter<\/p>\n","protected":false},"excerpt":{"rendered":"<p>Die Burg Rieneck wird 60 und ist rundrum erneuert Es war Januar 1959 als Heinrich Karsch, der die CPD f\u00fchrte, zum ersten Mal den Namen \u201eBurg Rieneck\u201c h\u00f6rte. Die CPD, einer der Vorg\u00e4ngerb\u00fcnde des VCP, war damals dringend auf der Suche nach einem Bundeszentrum, sodass Heinrich schon eine Woche sp\u00e4ter mit dem Zug nach Rieneck [&hellip;]<\/p>\n","protected":false},"author":3,"featured_media":12202,"comment_status":"closed","ping_status":"open","sticky":false,"template":"","format":"standard","meta":{"_acf_changed":false,"inline_featured_image":false,"footnotes":""},"categories":[1],"tags":[229,347],"class_list":["post-12155","post","type-post","status-publish","format-standard","has-post-thumbnail","hentry","category-allgemein","tag-ankommen","tag-anp1804"],"acf":[],"_links":{"self":[{"href":"https:\/\/vcp.de\/pfadfinden\/wp-json\/wp\/v2\/posts\/12155","targetHints":{"allow":["GET"]}}],"collection":[{"href":"https:\/\/vcp.de\/pfadfinden\/wp-json\/wp\/v2\/posts"}],"about":[{"href":"https:\/\/vcp.de\/pfadfinden\/wp-json\/wp\/v2\/types\/post"}],"author":[{"embeddable":true,"href":"https:\/\/vcp.de\/pfadfinden\/wp-json\/wp\/v2\/users\/3"}],"replies":[{"embeddable":true,"href":"https:\/\/vcp.de\/pfadfinden\/wp-json\/wp\/v2\/comments?post=12155"}],"version-history":[{"count":0,"href":"https:\/\/vcp.de\/pfadfinden\/wp-json\/wp\/v2\/posts\/12155\/revisions"}],"wp:featuredmedia":[{"embeddable":true,"href":"https:\/\/vcp.de\/pfadfinden\/wp-json\/wp\/v2\/media\/12202"}],"wp:attachment":[{"href":"https:\/\/vcp.de\/pfadfinden\/wp-json\/wp\/v2\/media?parent=12155"}],"wp:term":[{"taxonomy":"category","embeddable":true,"href":"https:\/\/vcp.de\/pfadfinden\/wp-json\/wp\/v2\/categories?post=12155"},{"taxonomy":"post_tag","embeddable":true,"href":"https:\/\/vcp.de\/pfadfinden\/wp-json\/wp\/v2\/tags?post=12155"}],"curies":[{"name":"wp","href":"https:\/\/api.w.org\/{rel}","templated":true}]}}