{"id":12060,"date":"2018-12-07T14:25:34","date_gmt":"2018-12-07T12:25:34","guid":{"rendered":"https:\/\/www.vcp.de\/pfadfinden\/?p=12060"},"modified":"2018-12-07T14:25:34","modified_gmt":"2018-12-07T12:25:34","slug":"arbeitshilfe-zur-friedenslichtaktion-2018","status":"publish","type":"post","link":"https:\/\/vcp.de\/pfadfinden\/allgemein\/arbeitshilfe-zur-friedenslichtaktion-2018\/","title":{"rendered":"Arbeitshilfe zur Friedenslichtaktion 2018"},"content":{"rendered":"<p>In diesem Jahr steht die Friedenslichtaktion in Deutschland unter dem Motto: \u201eFrieden braucht Vielfalt \u2013 zusammen f\u00fcr eine tolerante Gesellschaft\u201c. Das diesj\u00e4hrige Plakat zur Friedenslichtaktion 2018 in Deutschland zeigt dies in seiner Buntheit deutlich. Damit ermutigen wir \u201ealle Menschen guten Willens\u201c sich f\u00fcr den Frieden und eine tolerante Gesellschaft einzusetzen.<\/p>\n<p>Dar\u00fcber hinaus k\u00f6nnen wir in diesem Jahr das 25-j\u00e4hrige Bestehen der Aktion Friedenslicht aus Bethlehem in Deutschland feiern.<\/p>\n<p>F\u00fcr die Gestaltung der anstehenden Aussendungsfeiern bietet die nun erschienene Arbeitshilfe zur Friedenslichtaktion 2018 viele Ideen und Impulse.<\/p>\n<p>Sie kann ab sofort auf Friedenslicht-Homepage heruntergeladen werden: <a href=\"https:\/\/www.friedenslicht.de\/materialien\/arbeitshilfe-2018\" target=\"_blank\" rel=\"noopener\">https:\/\/www.friedenslicht.de\/materialien\/arbeitshilfe-2018<\/a>.<\/p>\n","protected":false},"excerpt":{"rendered":"<p>In diesem Jahr steht die Friedenslichtaktion in Deutschland unter dem Motto: \u201eFrieden braucht Vielfalt \u2013 zusammen f\u00fcr eine tolerante Gesellschaft\u201c. Das diesj\u00e4hrige Plakat zur Friedenslichtaktion 2018 in Deutschland zeigt dies in seiner Buntheit deutlich. Damit ermutigen wir \u201ealle Menschen guten Willens\u201c sich f\u00fcr den Frieden und eine tolerante Gesellschaft einzusetzen. Dar\u00fcber hinaus k\u00f6nnen wir in [&hellip;]<\/p>\n","protected":false},"author":52,"featured_media":12036,"comment_status":"closed","ping_status":"open","sticky":false,"template":"","format":"standard","meta":{"_acf_changed":false,"inline_featured_image":false,"footnotes":""},"categories":[1],"tags":[],"class_list":["post-12060","post","type-post","status-publish","format-standard","has-post-thumbnail","hentry","category-allgemein"],"acf":[],"_links":{"self":[{"href":"https:\/\/vcp.de\/pfadfinden\/wp-json\/wp\/v2\/posts\/12060","targetHints":{"allow":["GET"]}}],"collection":[{"href":"https:\/\/vcp.de\/pfadfinden\/wp-json\/wp\/v2\/posts"}],"about":[{"href":"https:\/\/vcp.de\/pfadfinden\/wp-json\/wp\/v2\/types\/post"}],"author":[{"embeddable":true,"href":"https:\/\/vcp.de\/pfadfinden\/wp-json\/wp\/v2\/users\/52"}],"replies":[{"embeddable":true,"href":"https:\/\/vcp.de\/pfadfinden\/wp-json\/wp\/v2\/comments?post=12060"}],"version-history":[{"count":0,"href":"https:\/\/vcp.de\/pfadfinden\/wp-json\/wp\/v2\/posts\/12060\/revisions"}],"wp:featuredmedia":[{"embeddable":true,"href":"https:\/\/vcp.de\/pfadfinden\/wp-json\/wp\/v2\/media\/12036"}],"wp:attachment":[{"href":"https:\/\/vcp.de\/pfadfinden\/wp-json\/wp\/v2\/media?parent=12060"}],"wp:term":[{"taxonomy":"category","embeddable":true,"href":"https:\/\/vcp.de\/pfadfinden\/wp-json\/wp\/v2\/categories?post=12060"},{"taxonomy":"post_tag","embeddable":true,"href":"https:\/\/vcp.de\/pfadfinden\/wp-json\/wp\/v2\/tags?post=12060"}],"curies":[{"name":"wp","href":"https:\/\/api.w.org\/{rel}","templated":true}]}}