{"id":11968,"date":"2018-12-07T01:01:25","date_gmt":"2018-12-06T23:01:25","guid":{"rendered":"https:\/\/www.vcp.de\/pfadfinden\/?p=11968"},"modified":"2018-12-04T12:31:33","modified_gmt":"2018-12-04T10:31:33","slug":"kleines-licht-ganz-gross","status":"publish","type":"post","link":"https:\/\/vcp.de\/pfadfinden\/adventskalender\/kleines-licht-ganz-gross\/","title":{"rendered":"Kleines Licht ganz gro\u00df"},"content":{"rendered":"<p><em>Von Manja Pietzcker, VCP Sachsen<\/em><\/p>\n<p>Das Friedenslicht wird von Hand zu Hand weitergeben &#8211; so breitet sich die kleine einzelne Flamme der Geburtsgrotte in Bethlehem immer weiter aus und wird zu einem viel gr\u00f6\u00dferen und hellen Licht.<\/p>\n<h3>Dieses Bild l\u00e4sst sich mit folgender Gruppenaktion gut veranschaulichen:<\/h3>\n<p>Die Kinder stellen sich in sicherem Abstand auf. Am besten auf einer Treppe, jedes Kind steht auf einer Stufe. Vielleicht k\u00f6nnt ihr die Aktion in einem Kirchturm oder einer Kellertreppe durchf\u00fchren? Jedes Kind h\u00e4lt eine Kerze in der Hand. Dann wird alles elektrische Licht gel\u00f6scht, bis es ganz dunkel ist.<\/p>\n<h4>Haltet kurz inne: Wie finster und unheimlich es ohne Licht ist &#8211; mit Licht w\u00e4re es besser\u2026.<\/h4>\n<p>Unten z\u00fcndet die*der Leiter die erste Kerze an &#8211; es ist immer noch ziemlich dunkel bei den meisten. Die Flamme wird von Kerze zu Kerze weitergeben, bis bei jedem das Licht angekommen ist. Wieviel heller es jetzt ist!<\/p>\n<p>F\u00fcr Pfadfinder*innen und Ranger*Rover: Beim Weitergeben das Taizelied: \u201eChristus, dein Licht verkl\u00e4rt unsre Schatten\u201c (**) singen. Wer das Licht hat, stimmt ein und singt mit, bis alle eine brennende Kerze in der Hand haben und das Lied sich im Raum ausbreitet.<\/p>\n<p>(**) <a href=\"https:\/\/www.taize.fr\/spip.php?page=chant&amp;song=354&amp;lang=de\" target=\"_blank\" rel=\"noopener\">https:\/\/www.taize.fr\/spip.php?page=chant&amp;song=354&amp;lang=de<\/a><\/p>\n<p><a href=\"https:\/\/www.vcp.de\/pfadfinden\/wp-content\/uploads\/2018\/12\/Kleines-Licht-ganz-gro\u00df.jpg\"><img loading=\"lazy\" decoding=\"async\" class=\"aligncenter size-medium wp-image-11970\" src=\"https:\/\/www.vcp.de\/pfadfinden\/wp-content\/uploads\/2018\/12\/Kleines-Licht-ganz-gro\u00df-226x300.jpg\" alt=\"\" width=\"226\" height=\"300\" srcset=\"https:\/\/vcp.de\/pfadfinden\/wp-content\/uploads\/2018\/12\/Kleines-Licht-ganz-gro\u00df-226x300.jpg 226w, https:\/\/vcp.de\/pfadfinden\/wp-content\/uploads\/2018\/12\/Kleines-Licht-ganz-gro\u00df-768x1019.jpg 768w, https:\/\/vcp.de\/pfadfinden\/wp-content\/uploads\/2018\/12\/Kleines-Licht-ganz-gro\u00df-772x1024.jpg 772w, https:\/\/vcp.de\/pfadfinden\/wp-content\/uploads\/2018\/12\/Kleines-Licht-ganz-gro\u00df.jpg 787w\" sizes=\"auto, (max-width: 226px) 100vw, 226px\" \/><\/a><\/p>\n","protected":false},"excerpt":{"rendered":"<p>Von Manja Pietzcker, VCP Sachsen Das Friedenslicht wird von Hand zu Hand weitergeben &#8211; so breitet sich die kleine einzelne Flamme der Geburtsgrotte in Bethlehem immer weiter aus und wird zu einem viel gr\u00f6\u00dferen und hellen Licht. Dieses Bild l\u00e4sst sich mit folgender Gruppenaktion gut veranschaulichen: Die Kinder stellen sich in sicherem Abstand auf. Am [&hellip;]<\/p>\n","protected":false},"author":3,"featured_media":11970,"comment_status":"closed","ping_status":"open","sticky":false,"template":"","format":"standard","meta":{"_acf_changed":false,"inline_featured_image":false,"footnotes":""},"categories":[239],"tags":[],"class_list":["post-11968","post","type-post","status-publish","format-standard","has-post-thumbnail","hentry","category-adventskalender"],"acf":[],"_links":{"self":[{"href":"https:\/\/vcp.de\/pfadfinden\/wp-json\/wp\/v2\/posts\/11968","targetHints":{"allow":["GET"]}}],"collection":[{"href":"https:\/\/vcp.de\/pfadfinden\/wp-json\/wp\/v2\/posts"}],"about":[{"href":"https:\/\/vcp.de\/pfadfinden\/wp-json\/wp\/v2\/types\/post"}],"author":[{"embeddable":true,"href":"https:\/\/vcp.de\/pfadfinden\/wp-json\/wp\/v2\/users\/3"}],"replies":[{"embeddable":true,"href":"https:\/\/vcp.de\/pfadfinden\/wp-json\/wp\/v2\/comments?post=11968"}],"version-history":[{"count":0,"href":"https:\/\/vcp.de\/pfadfinden\/wp-json\/wp\/v2\/posts\/11968\/revisions"}],"wp:featuredmedia":[{"embeddable":true,"href":"https:\/\/vcp.de\/pfadfinden\/wp-json\/wp\/v2\/media\/11970"}],"wp:attachment":[{"href":"https:\/\/vcp.de\/pfadfinden\/wp-json\/wp\/v2\/media?parent=11968"}],"wp:term":[{"taxonomy":"category","embeddable":true,"href":"https:\/\/vcp.de\/pfadfinden\/wp-json\/wp\/v2\/categories?post=11968"},{"taxonomy":"post_tag","embeddable":true,"href":"https:\/\/vcp.de\/pfadfinden\/wp-json\/wp\/v2\/tags?post=11968"}],"curies":[{"name":"wp","href":"https:\/\/api.w.org\/{rel}","templated":true}]}}