{"id":1186,"date":"2014-11-03T08:00:05","date_gmt":"2014-11-03T06:00:05","guid":{"rendered":"http:\/\/www.vcp.de\/pfadfinden\/?p=1186"},"modified":"2014-11-11T11:01:42","modified_gmt":"2014-11-11T09:01:42","slug":"fundstueck-der-woche-die-taegliche-wanderung","status":"publish","type":"post","link":"https:\/\/vcp.de\/pfadfinden\/vcp-bundesarchiv\/fundstueck-der-woche-die-taegliche-wanderung\/","title":{"rendered":"Fundst\u00fcck der Woche: Die t\u00e4gliche Wanderung"},"content":{"rendered":"<figure id=\"attachment_1191\" aria-describedby=\"caption-attachment-1191\" style=\"width: 160px\" class=\"wp-caption alignright\"><a href=\"https:\/\/www.vcp.de\/pfadfinden\/wp-content\/uploads\/2014\/10\/38-Vorrat-EMP-mein-Schulweg-um-1960-Arbergen.jpg\"><img loading=\"lazy\" decoding=\"async\" class=\"wp-image-1191 \" title=\"Mein Schulweg in Arbergen bei Bremen\" src=\"https:\/\/www.vcp.de\/pfadfinden\/wp-content\/uploads\/2014\/10\/38-Vorrat-EMP-mein-Schulweg-um-1960-Arbergen-262x300.jpg\" alt=\"38 Vorrat EMP mein Schulweg um 1960 Arbergen\" width=\"160\" height=\"183\" srcset=\"https:\/\/vcp.de\/pfadfinden\/wp-content\/uploads\/2014\/10\/38-Vorrat-EMP-mein-Schulweg-um-1960-Arbergen-262x300.jpg 262w, https:\/\/vcp.de\/pfadfinden\/wp-content\/uploads\/2014\/10\/38-Vorrat-EMP-mein-Schulweg-um-1960-Arbergen-896x1024.jpg 896w\" sizes=\"auto, (max-width: 160px) 100vw, 160px\" \/><\/a><figcaption id=\"caption-attachment-1191\" class=\"wp-caption-text\">Mein Schulweg in Arbergen bei Bremen<\/figcaption><\/figure>\n<p>Kartenlesen, Pl\u00e4ne zeichnen, Entfernungen sch\u00e4tzen \u2013 das lernten M\u00e4dchen in fr\u00fcheren Zeiten eher nicht, das war ja nur `was f\u00fcr Jungs! Wir ihr alle wisst, bildeten die Pfadfinderinnen schon immer die l\u00f6bliche Ausnahme. Hier hat ein Wichtel-M\u00e4dchen vom EMP (Evangelischer M\u00e4dchen-Pfadfinderbund) seinen Schulweg in Arbergen bei Bremen gezeichnet. Ganz sch\u00f6n weit! Wichtel waren sozusagen die Kinderstufe im EMP, kleine hilfsbereite Wesen voller Lebensfreude. Klein und lustig sind auch die Abzeichen\u2026<\/p>\n<p>&nbsp;<\/p>\n<p>&nbsp;<\/p>\n<div id='gallery-1' class='gallery galleryid-1186 gallery-columns-4 gallery-size-thumbnail'><figure class='gallery-item'>\n\t\t\t<div class='gallery-icon portrait'>\n\t\t\t\t<a href='https:\/\/vcp.de\/pfadfinden\/wp-content\/uploads\/2014\/10\/38-EMP-Wichtel-Berlin.jpg'><img loading=\"lazy\" decoding=\"async\" width=\"150\" height=\"150\" src=\"https:\/\/vcp.de\/pfadfinden\/wp-content\/uploads\/2014\/10\/38-EMP-Wichtel-Berlin-150x150.jpg\" class=\"attachment-thumbnail size-thumbnail\" alt=\"\" aria-describedby=\"gallery-1-1190\" \/><\/a>\n\t\t\t<\/div>\n\t\t\t\t<figcaption class='wp-caption-text gallery-caption' id='gallery-1-1190'>\n\t\t\t\tEMP Wichtel aus Berlin\n\t\t\t\t<\/figcaption><\/figure><figure class='gallery-item'>\n\t\t\t<div class='gallery-icon portrait'>\n\t\t\t\t<a href='https:\/\/vcp.de\/pfadfinden\/wp-content\/uploads\/2014\/10\/38-EMP-Wichtel-Ausweis-au\u00dfen.jpg'><img loading=\"lazy\" decoding=\"async\" width=\"150\" height=\"150\" src=\"https:\/\/vcp.de\/pfadfinden\/wp-content\/uploads\/2014\/10\/38-EMP-Wichtel-Ausweis-au\u00dfen-150x150.jpg\" class=\"attachment-thumbnail size-thumbnail\" alt=\"\" aria-describedby=\"gallery-1-1188\" \/><\/a>\n\t\t\t<\/div>\n\t\t\t\t<figcaption class='wp-caption-text gallery-caption' id='gallery-1-1188'>\n\t\t\t\tEMP Wichtel-Ausweis\n\t\t\t\t<\/figcaption><\/figure><figure class='gallery-item'>\n\t\t\t<div class='gallery-icon portrait'>\n\t\t\t\t<a href='https:\/\/vcp.de\/pfadfinden\/wp-content\/uploads\/2014\/10\/38-EMP-Wichtel-Ausweis-Seiten-2-und-3.jpg'><img loading=\"lazy\" decoding=\"async\" width=\"150\" height=\"150\" src=\"https:\/\/vcp.de\/pfadfinden\/wp-content\/uploads\/2014\/10\/38-EMP-Wichtel-Ausweis-Seiten-2-und-3-150x150.jpg\" class=\"attachment-thumbnail size-thumbnail\" alt=\"\" aria-describedby=\"gallery-1-1189\" \/><\/a>\n\t\t\t<\/div>\n\t\t\t\t<figcaption class='wp-caption-text gallery-caption' id='gallery-1-1189'>\n\t\t\t\tEMP Wichtel-Ausweis\n\t\t\t\t<\/figcaption><\/figure><figure class='gallery-item'>\n\t\t\t<div class='gallery-icon landscape'>\n\t\t\t\t<a href='https:\/\/vcp.de\/pfadfinden\/wp-content\/uploads\/2014\/10\/38-EMP-Wichtel-Abzeichen-und-Anstecker.jpg'><img loading=\"lazy\" decoding=\"async\" width=\"150\" height=\"150\" src=\"https:\/\/vcp.de\/pfadfinden\/wp-content\/uploads\/2014\/10\/38-EMP-Wichtel-Abzeichen-und-Anstecker-150x150.jpg\" class=\"attachment-thumbnail size-thumbnail\" alt=\"\" aria-describedby=\"gallery-1-1187\" \/><\/a>\n\t\t\t<\/div>\n\t\t\t\t<figcaption class='wp-caption-text gallery-caption' id='gallery-1-1187'>\n\t\t\t\tEMP Wichtel Abzeichen und Anstecker\n\t\t\t\t<\/figcaption><\/figure>\n\t\t<\/div>\n\n","protected":false},"excerpt":{"rendered":"<p>Kartenlesen, Pl\u00e4ne zeichnen, Entfernungen sch\u00e4tzen \u2013 das lernten M\u00e4dchen in fr\u00fcheren Zeiten eher nicht, das war ja nur `was f\u00fcr Jungs! Wir ihr alle wisst, bildeten die Pfadfinderinnen schon immer die l\u00f6bliche Ausnahme. Hier hat ein Wichtel-M\u00e4dchen vom EMP (Evangelischer M\u00e4dchen-Pfadfinderbund) seinen Schulweg in Arbergen bei Bremen gezeichnet. Ganz sch\u00f6n weit! Wichtel waren sozusagen die [&hellip;]<\/p>\n","protected":false},"author":52,"featured_media":1187,"comment_status":"closed","ping_status":"open","sticky":false,"template":"","format":"standard","meta":{"_acf_changed":false,"inline_featured_image":false,"footnotes":""},"categories":[23],"tags":[],"class_list":["post-1186","post","type-post","status-publish","format-standard","has-post-thumbnail","hentry","category-vcp-bundesarchiv"],"acf":[],"_links":{"self":[{"href":"https:\/\/vcp.de\/pfadfinden\/wp-json\/wp\/v2\/posts\/1186","targetHints":{"allow":["GET"]}}],"collection":[{"href":"https:\/\/vcp.de\/pfadfinden\/wp-json\/wp\/v2\/posts"}],"about":[{"href":"https:\/\/vcp.de\/pfadfinden\/wp-json\/wp\/v2\/types\/post"}],"author":[{"embeddable":true,"href":"https:\/\/vcp.de\/pfadfinden\/wp-json\/wp\/v2\/users\/52"}],"replies":[{"embeddable":true,"href":"https:\/\/vcp.de\/pfadfinden\/wp-json\/wp\/v2\/comments?post=1186"}],"version-history":[{"count":0,"href":"https:\/\/vcp.de\/pfadfinden\/wp-json\/wp\/v2\/posts\/1186\/revisions"}],"wp:featuredmedia":[{"embeddable":true,"href":"https:\/\/vcp.de\/pfadfinden\/wp-json\/wp\/v2\/media\/1187"}],"wp:attachment":[{"href":"https:\/\/vcp.de\/pfadfinden\/wp-json\/wp\/v2\/media?parent=1186"}],"wp:term":[{"taxonomy":"category","embeddable":true,"href":"https:\/\/vcp.de\/pfadfinden\/wp-json\/wp\/v2\/categories?post=1186"},{"taxonomy":"post_tag","embeddable":true,"href":"https:\/\/vcp.de\/pfadfinden\/wp-json\/wp\/v2\/tags?post=1186"}],"curies":[{"name":"wp","href":"https:\/\/api.w.org\/{rel}","templated":true}]}}