{"id":11728,"date":"2018-10-31T15:57:32","date_gmt":"2018-10-31T13:57:32","guid":{"rendered":"https:\/\/www.vcp.de\/pfadfinden\/?p=11728"},"modified":"2018-10-31T15:59:25","modified_gmt":"2018-10-31T13:59:25","slug":"alianton","status":"publish","type":"post","link":"https:\/\/vcp.de\/pfadfinden\/buchecke\/alianton\/","title":{"rendered":"Ali&#038;Anton"},"content":{"rendered":"<p><strong>Ahmet \u00d6zdemir, shaker media 2017<\/strong><\/p>\n<p>Ali m\u00f6chte nicht in den Kindergarten. Er hat dort noch keine Freude und kennt niemanden so richtig. Als er dann doch mit seiner Mutter hineingeht, trifft er auf Anton. Anton m\u00f6chte auch nicht in den Kindergarten, ist im Gegensatz zu Ali jedoch laut, h\u00e4lt sich fest und h\u00f6rt nicht auf zu schreien, bis seine Mutter weg ist.<\/p>\n<p>Im Kindergarten \u00fcberlegt Ali, mit Anton zu spielen. Das klappt jedoch nicht, weil dieser direkt anf\u00e4ngt zu meckern. Ali springt darauf an, und es bricht ein Streit \u00fcber die Hautfarbe, Haarfarbe und andere \u00c4u\u00dferlichkeiten, an denen sich die beiden unterscheiden, aus. Sie sind der Meinung, dass man so nicht miteinander spielen kann.<\/p>\n<p>Ruby, ein M\u00e4dchen mit dunkler Haut und schwarzen Haaren, geht dazwischen und erinnert die beiden daran, dass sie doch eigentlich gleich sind und miteinander spielen k\u00f6nnten. Das stachelt Ali und Anton jedoch nur noch mehr an, und Ruby geht alleine weg. Sie f\u00e4ngt an, mit Puppen verschiedener Hautfarbe zu spielen, welche die \u00e4u\u00dferlichen Unterschiede aneinander m\u00f6gen.<\/p>\n<h4>Das bringt die beiden Streith\u00e4hne zum Nachdenken\u2026<\/h4>\n<p>Das Kinderbuch \u201eAli&amp;Anton\u201c wurde von Ahmet \u00d6zdemir geschrieben und 2017 ver\u00f6ffentlicht. Die Illustrationen sind von Nadine Liesse.<\/p>\n<p>In dem Buch beschreibt der Autor gut, wie schon Kindergartenkinder mit Fremdenfeindlichkeit zu k\u00e4mpfen haben. Eltern beeinflussen durch ihre Erziehung, ob Kinder Hass, Diskriminierung oder Ablehnung gegen\u00fcber anderen Menschen und Kulturen empfinden. Dieser Prozess findet schon in sehr jungem Alter statt. Es sollte darauf geachtet werden, dass die Kinder diese Vielfalt als etwas Sch\u00f6nes erkennen und lernen, dass es nichts Schlechtes ist, eine andere Hautfarbe zu haben.<\/p>\n<p>Ich empfehle dieses Buch, da es Eltern eine Hilfe dabei sein kann, die richtigen Werte an ihre Kinder zu vermitteln, teile jedoch nicht die Meinung, dass wir alle gleich sind. Jeder Mensch ist anders, und das ist auch gut so. Wenn alle gleich w\u00e4ren, w\u00fcrde es doch langweilig sein! Trotzdem sollten nat\u00fcrlich alle Menschen dieselben Rechte haben und gleich behandelt werde, egal ob arm oder reich, schwarz oder wei\u00df, Mann oder Frau\u2026<\/p>\n","protected":false},"excerpt":{"rendered":"<p>Ahmet \u00d6zdemir, shaker media 2017 Ali m\u00f6chte nicht in den Kindergarten. Er hat dort noch keine Freude und kennt niemanden so richtig. Als er dann doch mit seiner Mutter hineingeht, trifft er auf Anton. Anton m\u00f6chte auch nicht in den Kindergarten, ist im Gegensatz zu Ali jedoch laut, h\u00e4lt sich fest und h\u00f6rt nicht auf [&hellip;]<\/p>\n","protected":false},"author":52,"featured_media":11730,"comment_status":"closed","ping_status":"open","sticky":false,"template":"","format":"standard","meta":{"_acf_changed":false,"inline_featured_image":false,"footnotes":""},"categories":[48],"tags":[],"class_list":["post-11728","post","type-post","status-publish","format-standard","has-post-thumbnail","hentry","category-buchecke"],"acf":[],"_links":{"self":[{"href":"https:\/\/vcp.de\/pfadfinden\/wp-json\/wp\/v2\/posts\/11728","targetHints":{"allow":["GET"]}}],"collection":[{"href":"https:\/\/vcp.de\/pfadfinden\/wp-json\/wp\/v2\/posts"}],"about":[{"href":"https:\/\/vcp.de\/pfadfinden\/wp-json\/wp\/v2\/types\/post"}],"author":[{"embeddable":true,"href":"https:\/\/vcp.de\/pfadfinden\/wp-json\/wp\/v2\/users\/52"}],"replies":[{"embeddable":true,"href":"https:\/\/vcp.de\/pfadfinden\/wp-json\/wp\/v2\/comments?post=11728"}],"version-history":[{"count":0,"href":"https:\/\/vcp.de\/pfadfinden\/wp-json\/wp\/v2\/posts\/11728\/revisions"}],"wp:featuredmedia":[{"embeddable":true,"href":"https:\/\/vcp.de\/pfadfinden\/wp-json\/wp\/v2\/media\/11730"}],"wp:attachment":[{"href":"https:\/\/vcp.de\/pfadfinden\/wp-json\/wp\/v2\/media?parent=11728"}],"wp:term":[{"taxonomy":"category","embeddable":true,"href":"https:\/\/vcp.de\/pfadfinden\/wp-json\/wp\/v2\/categories?post=11728"},{"taxonomy":"post_tag","embeddable":true,"href":"https:\/\/vcp.de\/pfadfinden\/wp-json\/wp\/v2\/tags?post=11728"}],"curies":[{"name":"wp","href":"https:\/\/api.w.org\/{rel}","templated":true}]}}