{"id":11616,"date":"2018-10-19T10:10:22","date_gmt":"2018-10-19T08:10:22","guid":{"rendered":"https:\/\/www.vcp.de\/pfadfinden\/?p=11616"},"modified":"2018-10-24T18:50:12","modified_gmt":"2018-10-24T16:50:12","slug":"interreligioeser-dialog-miteinander-reden","status":"publish","type":"post","link":"https:\/\/vcp.de\/pfadfinden\/allgemein\/interreligioeser-dialog-miteinander-reden\/","title":{"rendered":"Interreligi\u00f6ser Dialog: Mit(einander) Reden"},"content":{"rendered":"<p>Vom 19. Juni bis 23. Juni 2019 findet der 37. Deutsche Evangelische Kirchentag in Dortmund statt. Dort wollen wir als VCP voll in den Interreligi\u00f6sen Dialog einsteigen.<\/p>\n<h3>F\u00fcr dieses Angebot suchen wir Mitstreiter*innen!<\/h3>\n<p>Du bist hier richtig, wenn&#8230;.<\/p>\n<ul>\n<li>dich Glaubensfragen und \u2013inhalte interessieren<\/li>\n<li>du neugierig bist Religionen kennen zu lernen<\/li>\n<li>du Andersgl\u00e4ubige kennen und verstehen\u00a0 lernen m\u00f6chtest<\/li>\n<li>du gerne einen Beitrag f\u00fcr ein friedliches und respektvolles Miteinander leisten willst<\/li>\n<li>du gerne mit anderen ins Gespr\u00e4ch kommst<\/li>\n<li>du vom 19. Juni bis 23. Juni 2019 noch nichts Anderes vorhast<\/li>\n<li>vorher auch etwas Zeit f\u00fcr die Planung und Vorbereitung hast.<\/li>\n<\/ul>\n<p>Frieden und Toleranz. Respektvolles und faires Miteinander. Gerechtigkeit und Solidarit\u00e4t. Dies sind Werte f\u00fcr die sich Pfadfinder*innen seit jeher einsetzen. Und dieses Engagement ist weiter gefragt, denn gesellschaftliche und weltpolitische Entwicklungen (Migration, Flucht, Mobilit\u00e4t) ver\u00e4ndern unser Zusammenleben. Menschen unterschiedlicher Religionen und Herkunft finden bei uns in Deutschland ein Zuhause. Auch der VCP wird heterogener. Neben evangelischen Mitgliedern f\u00fchlen sich auch katholische, konfessionslose und (wenige) j\u00fcdische sowie muslimische Pfadfinder*innen sich unserem Verband zugeh\u00f6rig.<br \/>\nDiese Vielfalt macht unser Leben bunter, abwechslungsreicher und wertvoller. Verschiedenheit f\u00fchrt im Zusammenleben manchmal auch zu Missverst\u00e4ndnissen, Vorurteilen und Streit.<br \/>\nZiele eines interreligi\u00f6sen Dialoges ist es die eigene und die fremde Religion besser zu verstehen, Wege f\u00fcr ein faires Miteinander zu finden und L\u00f6sungen f\u00fcr gemeinsame Probleme zu finden.<\/p>\n<p>Folgende Ideen f\u00fcr das VCP Angebot gibt es bereits:<\/p>\n<p><strong>Ausstellung Weltreligionen (Dauerangebot)<\/strong><br \/>\nEine Ausstellung stellt die verschiedenen Religionen vor. Eine interaktive Wand erm\u00f6glicht es den Besucher*innen Fragen zu den Religionen zu stellen.<\/p>\n<p><strong>Die \u201eAustauschbahn\u201c (Dauerangebot)<\/strong><br \/>\nAn was glaubst du? Betest du? Welche Regeln gibt es in deiner Religion?<br \/>\nEine Riesenkugelbahn wird der Hingucker des Dauerangebotes. W\u00e4hrend eine Kugel rollt, k\u00f6nnen die Besucher*innen eine Frage zum Themenfeld Religion und Glauben beantworten.<\/p>\n<p><strong>Was glaubst du denn? (Workshop)<\/strong><br \/>\nIn einer Gespr\u00e4chsrunde erz\u00e4hlen Jugendliche und junge Erwachsene aus unterschiedlichen Religionen von ihrem Glauben und stellen sich den Fragen der Besucher*innen.<\/p>\n<p><strong>Wie funktioniert interreligi\u00f6ser Dialog? (Workshop)<\/strong><br \/>\nIn dem Workshop wollen wir uns dar\u00fcber austauschen, wie wir gut miteinander ins Gespr\u00e4ch kommen und Methoden f\u00fcr den interreligi\u00f6sen Dialog ausprobieren.<\/p>\n<p><strong>jung.bunt.Frieden (Workshop)<\/strong><br \/>\nIn der Gebetswerkstatt tauschen sich Jugendliche aller \u00fcber ihre Ideen und W\u00fcnsche f\u00fcr eine bessere, friedlichere Welt aus und schreiben gemeinsam Gebete f\u00fcr den Frieden. Die Form kann sehr vielf\u00e4ltig sein: Twitter, Gedicht, Video oder Bild.<br \/>\nDie Gebete werden in einer (interreligi\u00f6ser) Friedenslichtandacht gemeinsam gebetet.<\/p>\n<h4>Hast du Interesse und Lust, in einem Team an diesen Angeboten mitzuwirken?<br \/>\nDann melde dich bis 30. November 2018 in der VCP-Bundeszentrale bei Esther Koch. (esther.koch@vcp.de)<\/h4>\n","protected":false},"excerpt":{"rendered":"<p>Vom 19. Juni bis 23. Juni 2019 findet der 37. Deutsche Evangelische Kirchentag in Dortmund statt. Dort wollen wir als VCP voll in den Interreligi\u00f6sen Dialog einsteigen. F\u00fcr dieses Angebot suchen wir Mitstreiter*innen! Du bist hier richtig, wenn&#8230;. dich Glaubensfragen und \u2013inhalte interessieren du neugierig bist Religionen kennen zu lernen du Andersgl\u00e4ubige kennen und verstehen\u00a0 [&hellip;]<\/p>\n","protected":false},"author":52,"featured_media":11617,"comment_status":"closed","ping_status":"open","sticky":false,"template":"","format":"standard","meta":{"_acf_changed":false,"inline_featured_image":false,"footnotes":""},"categories":[1,206],"tags":[150],"class_list":["post-11616","post","type-post","status-publish","format-standard","has-post-thumbnail","hentry","category-allgemein","category-kirchentag-2019","tag-kirchentag"],"acf":[],"_links":{"self":[{"href":"https:\/\/vcp.de\/pfadfinden\/wp-json\/wp\/v2\/posts\/11616","targetHints":{"allow":["GET"]}}],"collection":[{"href":"https:\/\/vcp.de\/pfadfinden\/wp-json\/wp\/v2\/posts"}],"about":[{"href":"https:\/\/vcp.de\/pfadfinden\/wp-json\/wp\/v2\/types\/post"}],"author":[{"embeddable":true,"href":"https:\/\/vcp.de\/pfadfinden\/wp-json\/wp\/v2\/users\/52"}],"replies":[{"embeddable":true,"href":"https:\/\/vcp.de\/pfadfinden\/wp-json\/wp\/v2\/comments?post=11616"}],"version-history":[{"count":0,"href":"https:\/\/vcp.de\/pfadfinden\/wp-json\/wp\/v2\/posts\/11616\/revisions"}],"wp:featuredmedia":[{"embeddable":true,"href":"https:\/\/vcp.de\/pfadfinden\/wp-json\/wp\/v2\/media\/11617"}],"wp:attachment":[{"href":"https:\/\/vcp.de\/pfadfinden\/wp-json\/wp\/v2\/media?parent=11616"}],"wp:term":[{"taxonomy":"category","embeddable":true,"href":"https:\/\/vcp.de\/pfadfinden\/wp-json\/wp\/v2\/categories?post=11616"},{"taxonomy":"post_tag","embeddable":true,"href":"https:\/\/vcp.de\/pfadfinden\/wp-json\/wp\/v2\/tags?post=11616"}],"curies":[{"name":"wp","href":"https:\/\/api.w.org\/{rel}","templated":true}]}}