{"id":116,"date":"2014-03-26T16:40:48","date_gmt":"2014-03-26T14:40:48","guid":{"rendered":"http:\/\/www.vcp.de\/pfadfinden\/?p=116"},"modified":"2025-01-10T11:53:36","modified_gmt":"2025-01-10T10:53:36","slug":"pfadfinden-weltweit-der-vcp-ist-dabei","status":"publish","type":"post","link":"https:\/\/vcp.de\/pfadfinden\/allgemein\/pfadfinden-weltweit-der-vcp-ist-dabei\/","title":{"rendered":"Pfadfinden weltweit \u2013 der VCP ist dabei"},"content":{"rendered":"\n<p><em>Von Jule Lumma, Ludwigshafen<\/em><\/p>\n\n\n\n<p>An der 3. wissenschaftlichen Fachtagung \u201ePfadfinden weltweit. Verortung einer transnationalen Bildungsidee und Jugendbewegung\u201c vom 21. bis 23. Februar in Mainz nahmen rund Pfadfinderinnen und Pfadfinder aus unterschiedlichen B\u00fcnden und Verb\u00e4nden teil. Ausrichter waren die Mainzer Johannes-Gutenberg-Universit\u00e4t und der Pfadfinderhilfsfond e.V. Schirmherr war Altbundespr\u00e4sident Horst K\u00f6hler.<\/p>\n\n\n<!-- TEST -->\n<figure class=\"wp-block-image alignleft\"><a href=\"https:\/\/www.vcp.de\/pfadfinden\/wp-content\/uploads\/2014\/05\/Fachtagung_JuleL_IMG_5778.jpg\"><img loading=\"lazy\" decoding=\"async\" width=\"300\" height=\"199\" src=\"https:\/\/www.vcp.de\/pfadfinden\/wp-content\/uploads\/2014\/05\/Fachtagung_JuleL_IMG_5778-300x199.jpg\" alt=\"Fachtagung_JuleL_IMG_5778\" class=\"wp-image-117\" srcset=\"https:\/\/vcp.de\/pfadfinden\/wp-content\/uploads\/2014\/05\/Fachtagung_JuleL_IMG_5778-300x199.jpg 300w, https:\/\/vcp.de\/pfadfinden\/wp-content\/uploads\/2014\/05\/Fachtagung_JuleL_IMG_5778.jpg 800w\" sizes=\"auto, (max-width: 300px) 100vw, 300px\" \/><\/a><figcaption class=\"wp-element-caption\">Fachtagung \u201ePfadfinden weltweit&#8220; Foto: Jule Lumma<\/figcaption><\/figure>\n\n\n\n<p>Der VCP stellte einige Teilnehmerinnen und Teilnehmer, unter anderem Bundesvorsitzende Jule Lumma und Generalsekret\u00e4r Jan Behrendt, aber auch Referentinnen und Referenten: Prof. Dr. Annette Scheunpflug, Hartmut Keyler und J\u00f6rg Brandmeyer.<\/p>\n\n\n\n<p>Als Auftakt gab Hartmut Keyler einen Einblick in die Entwicklung der World Organization of the Scout Movement (WOSM) und Pfadfinden in Deutschland. Annette Scheunpflug von der Universit\u00e4t Bamberg und Vorsitzende des Kuratoriums Evangelische Stiftung Pfadfinden, stellte einige ihrer Forschungsergebnisse vor. Diese thematisieren, wie Jugendliche in Begegnungsreisen andere Menschen und Kulturen wahrnehmen und sich dadurch der Blick auf die \u201eWeltgesellschaft\u201c entwickelt. Marius Harrig, Universit\u00e4t Mainz berichtete von einem Forschungsprojekt in zwei sozial benachteiligten Stadtteilen in Bremen und versuchte daraus, R\u00fcckschl\u00fcsse f\u00fcr die pfadfinderische Arbeit zu ziehen. Er sah gro\u00dfe Chancen f\u00fcr pfadfinderische Arbeit in Schulen. Das f\u00fchrte im Anschluss an seinen Vortrag zu lebhaften Diskussionen \u00fcber die Chancen und Risiken f\u00fcr Pfadfinden in der Schule.<\/p>\n\n\n\n<p>Wilfried Breyvogel aus Essen stellte Symbole und Embleme der Pfadfinder und Wanderv\u00f6gel im Deutschland des 20. Jahrhunderts vor. Dabei warf er die Frage auf, ob Pfadfinden ein selbstst\u00e4ndiger Teil der Jugendkultur sind. Sonja Werle, Universit\u00e4t Frankfurt und aktive Pfadfinderin lenkte anschlie\u00dfend den Blick auf die pfadfinderischen Methode. Im Mittelpunkt ihres Vortrages standen die Kernelemente der pfadfinderischen Arbeit, wie sie WOSM in seinen Statuten vorgibt.<\/p>\n\n\n\n<p>J\u00f6rg Brandmayer thematisierte in seinem lebhaften Vortrag Homophobie bei den Boy Scouts of America. Der VCPer berichtete dabei auch \u00fcber eigene Erfahrungen. Gideon Botsch aus Potsdam sprach \u00fcber Nationalismus und Militarismus in der Pfadfinderbewegung. Der Abschlussvortrag kam von Cheikh Khaled Bentounes und Mitgliedern des Bundes Moslemischer Pfadfinderinnen und Pfadfinder (BMPPD). Sie gaben einen Einblick in die Arbeit der moslemischen Pfadfinder und Pfadfinderinnen in Frankreich und Deutschland.<\/p>\n\n\n\n<p>Die Fachtagung erm\u00f6glichte einen Einblick in die wissenschaftliche Sicht auf Pfadfinden und gleichzeitig auch, sich mit pers\u00f6nlichen Eindr\u00fccken auseinander zu setzen. Die Vortr\u00e4ge werden in einem Dokumentationsband des Springerverlages zum Jahreswechsel erscheinen.<\/p>\n\n\n\n<figure class=\"wp-block-gallery has-nested-images columns-3 is-cropped wp-block-gallery-1 is-layout-flex wp-block-gallery-is-layout-flex\"><!-- TEST -->\n<figure class=\"wp-block-image size-large\"><a href=\"https:\/\/www.vcp.de\/pfadfinden\/wp-content\/uploads\/2014\/05\/Fachtagun_juleL_IMG_5803.jpg\"><img loading=\"lazy\" decoding=\"async\" width=\"800\" height=\"534\" data-id=\"120\" src=\"https:\/\/www.vcp.de\/pfadfinden\/wp-content\/uploads\/2014\/05\/Fachtagun_juleL_IMG_5803.jpg\" alt=\"\" class=\"wp-image-120\" srcset=\"https:\/\/vcp.de\/pfadfinden\/wp-content\/uploads\/2014\/05\/Fachtagun_juleL_IMG_5803.jpg 800w, https:\/\/vcp.de\/pfadfinden\/wp-content\/uploads\/2014\/05\/Fachtagun_juleL_IMG_5803-300x200.jpg 300w\" sizes=\"auto, (max-width: 800px) 100vw, 800px\" \/><\/a><figcaption class=\"wp-element-caption\">Foto: Jule Lumma<\/figcaption><\/figure>\n\n\n<!-- TEST -->\n<figure class=\"wp-block-image size-large\"><a href=\"https:\/\/www.vcp.de\/pfadfinden\/wp-content\/uploads\/2014\/05\/FAchtagung_JuleL_IMG_5799.jpg\"><img loading=\"lazy\" decoding=\"async\" width=\"800\" height=\"533\" data-id=\"119\" src=\"https:\/\/www.vcp.de\/pfadfinden\/wp-content\/uploads\/2014\/05\/FAchtagung_JuleL_IMG_5799.jpg\" alt=\"\" class=\"wp-image-119\" srcset=\"https:\/\/vcp.de\/pfadfinden\/wp-content\/uploads\/2014\/05\/FAchtagung_JuleL_IMG_5799.jpg 800w, https:\/\/vcp.de\/pfadfinden\/wp-content\/uploads\/2014\/05\/FAchtagung_JuleL_IMG_5799-300x199.jpg 300w\" sizes=\"auto, (max-width: 800px) 100vw, 800px\" \/><\/a><figcaption class=\"wp-element-caption\">Foto: Jule Lumma<\/figcaption><\/figure>\n\n\n<!-- TEST -->\n<figure class=\"wp-block-image size-large\"><a href=\"https:\/\/www.vcp.de\/pfadfinden\/wp-content\/uploads\/2014\/05\/Fachtagung_JuleL_IMG_57781.jpg\"><img loading=\"lazy\" decoding=\"async\" width=\"800\" height=\"533\" data-id=\"118\" src=\"https:\/\/www.vcp.de\/pfadfinden\/wp-content\/uploads\/2014\/05\/Fachtagung_JuleL_IMG_57781.jpg\" alt=\"\" class=\"wp-image-118\" srcset=\"https:\/\/vcp.de\/pfadfinden\/wp-content\/uploads\/2014\/05\/Fachtagung_JuleL_IMG_57781.jpg 800w, https:\/\/vcp.de\/pfadfinden\/wp-content\/uploads\/2014\/05\/Fachtagung_JuleL_IMG_57781-300x199.jpg 300w\" sizes=\"auto, (max-width: 800px) 100vw, 800px\" \/><\/a><figcaption class=\"wp-element-caption\">Foto: Jule Lumma<\/figcaption><\/figure>\n<\/figure>\n","protected":false},"excerpt":{"rendered":"<p>Von Jule Lumma, Ludwigshafen An der 3. wissenschaftlichen Fachtagung \u201ePfadfinden weltweit. Verortung einer transnationalen Bildungsidee und Jugendbewegung\u201c vom 21. bis 23. Februar in Mainz nahmen rund Pfadfinderinnen und Pfadfinder aus unterschiedlichen B\u00fcnden und Verb\u00e4nden teil. Ausrichter waren die Mainzer Johannes-Gutenberg-Universit\u00e4t und der Pfadfinderhilfsfond e.V. Schirmherr war Altbundespr\u00e4sident Horst K\u00f6hler. Der VCP stellte einige Teilnehmerinnen und [&hellip;]<\/p>\n","protected":false},"author":52,"featured_media":0,"comment_status":"closed","ping_status":"open","sticky":false,"template":"","format":"standard","meta":{"_acf_changed":false,"inline_featured_image":false,"footnotes":""},"categories":[1],"tags":[],"class_list":["post-116","post","type-post","status-publish","format-standard","hentry","category-allgemein"],"acf":[],"_links":{"self":[{"href":"https:\/\/vcp.de\/pfadfinden\/wp-json\/wp\/v2\/posts\/116","targetHints":{"allow":["GET"]}}],"collection":[{"href":"https:\/\/vcp.de\/pfadfinden\/wp-json\/wp\/v2\/posts"}],"about":[{"href":"https:\/\/vcp.de\/pfadfinden\/wp-json\/wp\/v2\/types\/post"}],"author":[{"embeddable":true,"href":"https:\/\/vcp.de\/pfadfinden\/wp-json\/wp\/v2\/users\/52"}],"replies":[{"embeddable":true,"href":"https:\/\/vcp.de\/pfadfinden\/wp-json\/wp\/v2\/comments?post=116"}],"version-history":[{"count":1,"href":"https:\/\/vcp.de\/pfadfinden\/wp-json\/wp\/v2\/posts\/116\/revisions"}],"predecessor-version":[{"id":38014,"href":"https:\/\/vcp.de\/pfadfinden\/wp-json\/wp\/v2\/posts\/116\/revisions\/38014"}],"wp:attachment":[{"href":"https:\/\/vcp.de\/pfadfinden\/wp-json\/wp\/v2\/media?parent=116"}],"wp:term":[{"taxonomy":"category","embeddable":true,"href":"https:\/\/vcp.de\/pfadfinden\/wp-json\/wp\/v2\/categories?post=116"},{"taxonomy":"post_tag","embeddable":true,"href":"https:\/\/vcp.de\/pfadfinden\/wp-json\/wp\/v2\/tags?post=116"}],"curies":[{"name":"wp","href":"https:\/\/api.w.org\/{rel}","templated":true}]}}