{"id":11469,"date":"2018-10-15T15:03:54","date_gmt":"2018-10-15T13:03:54","guid":{"rendered":"https:\/\/www.vcp.de\/pfadfinden\/?p=11469"},"modified":"2018-10-17T11:42:30","modified_gmt":"2018-10-17T09:42:30","slug":"stiftung-ich-unterstuetze-die-evangelische-stiftung-pfadfinden","status":"publish","type":"post","link":"https:\/\/vcp.de\/pfadfinden\/allgemein\/stiftung-ich-unterstuetze-die-evangelische-stiftung-pfadfinden\/","title":{"rendered":"Stiftung: Ich unterst\u00fctze die Evangelische Stiftung Pfadfinden,"},"content":{"rendered":"<p>\u201cIch unterst\u00fctze die Evangelische Stiftung Pfadfinden, weil junge Menschen die Chance brauchen, [bei den Pfadfindern] fr\u00fch f\u00fcr sich und andere Verantwortung \u00fcbernehmen zu k\u00f6nnen. Das ist heute wichtiger denn je.\u201d<\/p>\n<figure id=\"attachment_11468\" aria-describedby=\"caption-attachment-11468\" style=\"width: 225px\" class=\"wp-caption aligncenter\"><a href=\"https:\/\/www.vcp.de\/pfadfinden\/wp-content\/uploads\/2018\/10\/27-Stiftung-martin-laudenbach.jpeg\"><img loading=\"lazy\" decoding=\"async\" class=\"size-medium wp-image-11468\" src=\"https:\/\/www.vcp.de\/pfadfinden\/wp-content\/uploads\/2018\/10\/27-Stiftung-martin-laudenbach-225x300.jpeg\" alt=\"Martin Laudenbach, Frankenthal\" width=\"225\" height=\"300\" srcset=\"https:\/\/vcp.de\/pfadfinden\/wp-content\/uploads\/2018\/10\/27-Stiftung-martin-laudenbach-225x300.jpeg 225w, https:\/\/vcp.de\/pfadfinden\/wp-content\/uploads\/2018\/10\/27-Stiftung-martin-laudenbach-768x1024.jpeg 768w, https:\/\/vcp.de\/pfadfinden\/wp-content\/uploads\/2018\/10\/27-Stiftung-martin-laudenbach.jpeg 1512w\" sizes=\"auto, (max-width: 225px) 100vw, 225px\" \/><\/a><figcaption id=\"caption-attachment-11468\" class=\"wp-caption-text\">Martin Laudenbach, Frankenthal<br \/>Foto: Privat<\/figcaption><\/figure>\n","protected":false},"excerpt":{"rendered":"<p>\u201cIch unterst\u00fctze die Evangelische Stiftung Pfadfinden, weil junge Menschen die Chance brauchen, [bei den Pfadfindern] fr\u00fch f\u00fcr sich und andere Verantwortung \u00fcbernehmen zu k\u00f6nnen. Das ist heute wichtiger denn je.\u201d<\/p>\n","protected":false},"author":3,"featured_media":10768,"comment_status":"closed","ping_status":"open","sticky":false,"template":"","format":"standard","meta":{"_acf_changed":false,"inline_featured_image":false,"footnotes":""},"categories":[1],"tags":[336,245],"class_list":["post-11469","post","type-post","status-publish","format-standard","has-post-thumbnail","hentry","category-allgemein","tag-anp1803","tag-dies-und-das"],"acf":[],"_links":{"self":[{"href":"https:\/\/vcp.de\/pfadfinden\/wp-json\/wp\/v2\/posts\/11469","targetHints":{"allow":["GET"]}}],"collection":[{"href":"https:\/\/vcp.de\/pfadfinden\/wp-json\/wp\/v2\/posts"}],"about":[{"href":"https:\/\/vcp.de\/pfadfinden\/wp-json\/wp\/v2\/types\/post"}],"author":[{"embeddable":true,"href":"https:\/\/vcp.de\/pfadfinden\/wp-json\/wp\/v2\/users\/3"}],"replies":[{"embeddable":true,"href":"https:\/\/vcp.de\/pfadfinden\/wp-json\/wp\/v2\/comments?post=11469"}],"version-history":[{"count":0,"href":"https:\/\/vcp.de\/pfadfinden\/wp-json\/wp\/v2\/posts\/11469\/revisions"}],"wp:featuredmedia":[{"embeddable":true,"href":"https:\/\/vcp.de\/pfadfinden\/wp-json\/wp\/v2\/media\/10768"}],"wp:attachment":[{"href":"https:\/\/vcp.de\/pfadfinden\/wp-json\/wp\/v2\/media?parent=11469"}],"wp:term":[{"taxonomy":"category","embeddable":true,"href":"https:\/\/vcp.de\/pfadfinden\/wp-json\/wp\/v2\/categories?post=11469"},{"taxonomy":"post_tag","embeddable":true,"href":"https:\/\/vcp.de\/pfadfinden\/wp-json\/wp\/v2\/tags?post=11469"}],"curies":[{"name":"wp","href":"https:\/\/api.w.org\/{rel}","templated":true}]}}