{"id":1136,"date":"2014-10-08T16:13:58","date_gmt":"2014-10-08T14:13:58","guid":{"rendered":"http:\/\/www.vcp.de\/pfadfinden\/?p=1136"},"modified":"2014-10-08T16:59:38","modified_gmt":"2014-10-08T14:59:38","slug":"pfadfinden-weltweit-ein-baum-mit-vielen-zweigen","status":"publish","type":"post","link":"https:\/\/vcp.de\/pfadfinden\/allgemein\/pfadfinden-weltweit-ein-baum-mit-vielen-zweigen\/","title":{"rendered":"Pfadfinden weltweit: ein Baum \u2013mit vielen Zweigen"},"content":{"rendered":"<p><em>\u00a0Von Judith Lieberich, Wattenberg<\/em><\/p>\n<figure id=\"attachment_1139\" aria-describedby=\"caption-attachment-1139\" style=\"width: 300px\" class=\"wp-caption aligncenter\"><a href=\"https:\/\/www.vcp.de\/pfadfinden\/wp-content\/uploads\/2014\/10\/anp1403_wosm1.jpg\"><img loading=\"lazy\" decoding=\"async\" class=\"wp-image-1139 size-medium\" title=\"Oliver Mahn, Thomas Kramer, Hartmut Keyler, Dorothee B\u00f6hringer, Judith Lieberich\" src=\"https:\/\/www.vcp.de\/pfadfinden\/wp-content\/uploads\/2014\/10\/anp1403_wosm1-300x143.jpg\" alt=\"anp1403_wosm1\" width=\"300\" height=\"143\" srcset=\"https:\/\/vcp.de\/pfadfinden\/wp-content\/uploads\/2014\/10\/anp1403_wosm1-300x143.jpg 300w, https:\/\/vcp.de\/pfadfinden\/wp-content\/uploads\/2014\/10\/anp1403_wosm1-1024x489.jpg 1024w, https:\/\/vcp.de\/pfadfinden\/wp-content\/uploads\/2014\/10\/anp1403_wosm1.jpg 1369w\" sizes=\"auto, (max-width: 300px) 100vw, 300px\" \/><\/a><figcaption id=\"caption-attachment-1139\" class=\"wp-caption-text\">Oliver Mahn, Thomas Kramer, Hartmut Keyler, Dorothee B\u00f6hringer, Judith Lieberich<\/figcaption><\/figure>\n<p>Dorothee B\u00f6hringer und Judith Lieberich nahmen mit der RdP-Delegation am World Scout Youth Forum in Slowenien teil. Danach begleiteten sie Oliver Mahn, Beauftragter f\u00fcr Internationales und Thomas Kramer, Bundesvorsitzender zur World Scout Conference von WOSM.<\/p>\n<p>Gl\u00fccklich und geschafft waren wir nach zwei vollgepackten, aber wunderbaren Wochen in Slowenien. Doch was nehmen wir von diesen zwei pfadfinderischen \u201eMassen-Events\u201c, mit, die auf uns Deutsche so ganz und gar unpfadfinderisch wirkten? Deren Arbeitsweise zugegebenerma\u00dfen anfangs ungewohnt f\u00fcr uns war? Nat\u00fcrlich wurden, \u00e4hnlich wie auf einer Bundesversammlung eine Menge Antr\u00e4ge verabschiedet, einem neuen Drei-Jahresplan zugestimmt und ein neues World Scout Comittee sowie neue Youth Advisors, die als Jugendvertreter beisitzen, gew\u00e4hlt. Vielleicht habt ihr das schon w\u00e4hrend der Konferenz auf unserem Delegations-Blog (<a href=\"http:\/\/www.rdp-international.de\" target=\"_blank\">www.rdp-international.de<\/a>) oder auf www.scout.org verfolgt. Vielleicht hattet ihr den Eindruck, dass die Weltebene sehr weit weg von unserer VCP-Arbeit ist. Das ist nachvollziehbar.<\/p>\n<p>Gleichzeitig ist mir dort aber auch klar geworden, dass wir als Teil von WOSM nicht nur zum weltweiten Pfadfinden geh\u00f6ren, sondern auch als internationaler Akteur auf vielen Ebenen Einfluss nehmen k\u00f6nnen. Oder wie der UN-Generalsekret\u00e4r der Jugend, Ahmad Alhendawi, es ausdr\u00fcckte: \u201eYou can count on Scouts to be active members in their societies and to become global citizens&#8220;. Das ist eine gro\u00dfe Chance, aber wir \u00fcbernehmen damit auch Verantwortung. Wie sollen wir damit umgehen? Dazu gibt es bei den WOSM-Mitgliedern ganz unterschiedliche Auffassungen. Ich nehme die Diskussion dazu mit. Sie betrifft auch unsere Arbeit in den St\u00e4mmen. Leisten wir durch unsere Jugendarbeit genug? Oder sollten wir uns auch in anderen Bereichen st\u00e4rker als Pfadfinderinnen und Pfadfinder engagieren?<\/p>\n<p>Ein anderes Thema, das vor allem auf dem Jugendforum diskutiert wurde: Jugendarbeitslosigkeit. Wie gehen wir, gerade in Europa damit um, dass unsere Mitglieder einem immer h\u00e4rteren Wettbewerb auf dem Arbeitsmarkt ausgesetzt sind? Wie k\u00f6nnen wir sie unterst\u00fctzen, dass die Qualifikationen, die sie bei uns erwerben, auch von potentiellen Arbeitgebern akzeptiert werden?<br \/>\nEin weiteres gro\u00dfes Thema: die Jugendvertretung auf nationaler und internationaler Ebene: Sind Jugendliche und junge Erwachsene wirklich in alle Entscheidungsprozesse integriert? \u201eDiversity &amp; Inclusion\u201c \u2013 auch ein Thema, das uns im VCP angeht. Wie sehen unsere Vorstellungen einer vielf\u00e4ltigen und inklusiven Gemeinschaft aus?<\/p>\n<p>Ihr seht: Wir haben viele Denkanst\u00f6\u00dfe und Anregungen mitgenommen. Vieles muss noch diskutiert werden, aber ich habe das beruhigende Gef\u00fchl, Teil einer einzigartigen Bewegung zu sein, einer weltweiten Gemeinschaft von Freunden, die im Kleinen und im Gro\u00dfen etwas ver\u00e4ndern k\u00f6nnen.<\/p>\n<h2>Was ist eigentlich ein \u201eWorld Scout Youth Forum\u201c?<\/h2>\n<p>Das World Scout Youth Forum (WSYF) findet alle drei Jahre im Vorfeld der WOSM-Konferenz statt. Das Forum gibt Jugendlichen und jungen Erwachsenen die M\u00f6glichkeit sich auf Weltebene auszutauschen und Themen zu diskutieren, die sie und ihre Pfadfinderarbeit direkt betreffen. Ziel ist es Jugendliche und junge Erwachsene st\u00e4rker in Entscheidungsprozesse auf der Weltebene einzubinden.<\/p>\n<h2>Was ist eigentlich die \u201eWorld Scout Conference\u201c?<\/h2>\n<p>Die World Scout Conference (WSC) ist jedoch das eigentliche Entscheidungsorgan auf Weltebene. Man kann sie mit unserer Bundesversammlung vergleichen. Alle nationalen Mitgliedsorganisationen WOSMs sind dort vertreten, diskutieren gesellschaftliche Themen, Herausforderungen der Jugendarbeit und vor allem die Grundlagen unserer Pfadfinderei. Es wird ein jedes Mal ein neues World Scout Comittee gew\u00e4hlt, Orte ausgew\u00e4hlt f\u00fcr zuk\u00fcnftige internationale Events wie z.B. das Jamboree und \u00fcber Zukunftsstrategien und Konzepte des Weltverbandes entschieden.<\/p>\n<p>[osm_map lat=&#8220;46.049&#8243; lon=&#8220;14.471&#8243; zoom=&#8220;8&#8243; width=&#8220;600&#8243; height=&#8220;450&#8243; marker=&#8220;46.0563,14.46527&#8243; marker_name=&#8220;wpttemp-yellow.png&#8220;]<\/p>\n<p><span style=\"color: #444444; font-family: 'Open Sans', sans-serif; line-height: 18.2000007629395px;\">\u00a0<\/span><\/p>\n","protected":false},"excerpt":{"rendered":"<p>\u00a0Von Judith Lieberich, Wattenberg Dorothee B\u00f6hringer und Judith Lieberich nahmen mit der RdP-Delegation am World Scout Youth Forum in Slowenien teil. Danach begleiteten sie Oliver Mahn, Beauftragter f\u00fcr Internationales und Thomas Kramer, Bundesvorsitzender zur World Scout Conference von WOSM. Gl\u00fccklich und geschafft waren wir nach zwei vollgepackten, aber wunderbaren Wochen in Slowenien. Doch was nehmen [&hellip;]<\/p>\n","protected":false},"author":52,"featured_media":0,"comment_status":"closed","ping_status":"open","sticky":false,"template":"","format":"standard","meta":{"_acf_changed":false,"inline_featured_image":false,"footnotes":""},"categories":[1],"tags":[18,15],"class_list":["post-1136","post","type-post","status-publish","format-standard","hentry","category-allgemein","tag-ljubljana","tag-wosm"],"acf":[],"_links":{"self":[{"href":"https:\/\/vcp.de\/pfadfinden\/wp-json\/wp\/v2\/posts\/1136","targetHints":{"allow":["GET"]}}],"collection":[{"href":"https:\/\/vcp.de\/pfadfinden\/wp-json\/wp\/v2\/posts"}],"about":[{"href":"https:\/\/vcp.de\/pfadfinden\/wp-json\/wp\/v2\/types\/post"}],"author":[{"embeddable":true,"href":"https:\/\/vcp.de\/pfadfinden\/wp-json\/wp\/v2\/users\/52"}],"replies":[{"embeddable":true,"href":"https:\/\/vcp.de\/pfadfinden\/wp-json\/wp\/v2\/comments?post=1136"}],"version-history":[{"count":0,"href":"https:\/\/vcp.de\/pfadfinden\/wp-json\/wp\/v2\/posts\/1136\/revisions"}],"wp:attachment":[{"href":"https:\/\/vcp.de\/pfadfinden\/wp-json\/wp\/v2\/media?parent=1136"}],"wp:term":[{"taxonomy":"category","embeddable":true,"href":"https:\/\/vcp.de\/pfadfinden\/wp-json\/wp\/v2\/categories?post=1136"},{"taxonomy":"post_tag","embeddable":true,"href":"https:\/\/vcp.de\/pfadfinden\/wp-json\/wp\/v2\/tags?post=1136"}],"curies":[{"name":"wp","href":"https:\/\/api.w.org\/{rel}","templated":true}]}}