{"id":11148,"date":"2018-09-18T14:44:40","date_gmt":"2018-09-18T12:44:40","guid":{"rendered":"https:\/\/www.vcp.de\/pfadfinden\/?p=11148"},"modified":"2018-10-15T13:41:16","modified_gmt":"2018-10-15T11:41:16","slug":"5-000-helferinnen-fuer-den-kirchentag-in-dortmund-gesucht-anmeldung-gestartet","status":"publish","type":"post","link":"https:\/\/vcp.de\/pfadfinden\/kirchentag-2019\/5-000-helferinnen-fuer-den-kirchentag-in-dortmund-gesucht-anmeldung-gestartet\/","title":{"rendered":"5.000 Helfer*innen f\u00fcr den Kirchentag in Dortmund gesucht &#8211; Anmeldung gestartet"},"content":{"rendered":"<h2>Jede*r kann Teil der Bewegung sein &#8211; Gewinnspiel f\u00fcr Gruppen<\/h2>\n<p>Der Deutsche Evangelische Kirchentag sucht ab sofort 5.000 Freiwillige f\u00fcr den Kirchentag in Dortmund. Ohne die Unterst\u00fctzung von Helfer*innen sind Kirchentage nicht denkbar: Die Ehrenamtlichen helfen beim Einlass, sind Wegweiser f\u00fcr die Kirchentagsbesucher*innen, geben Auskunft, falten Papphocker, verkaufen Artikel im KirchentagsShop, verteilen Schals und sorgen f\u00fcr einen reibungslosen Ablauf. Dabei sind Helfer*innen t\u00e4glich bis zu acht Stunden im Einsatz.<\/p>\n<p>Die Anmeldung als Helfer*in ist ganz einfach. Auf <a href=\"http:\/\/www.kirchentag.de\" target=\"_blank\" rel=\"noopener\">kirchentag.de<\/a> k\u00f6nnen sich Einzelpersonen und Gruppen bis zum 10. M\u00e4rz 2019 registrieren. Einzelne Helfer*innnen m\u00fcssen vollj\u00e4hrig sein und werden besonders in der Betreuung von internationalen G\u00e4sten, im Kirchentags-Shop oder an Informationsst\u00e4nden eingesetzt. Gruppen ab f\u00fcnf Personen brauchen eine vollj\u00e4hrige Person als Gruppenleitung, ansonsten kann jede*r von 16 Jahren an mithelfen. F\u00fcr alle Helfer*innen gibt es einen Helfer*innen-Ausweis, ein Halstuch und T-Shirt, sowie einen Helfer*innen-Kompass mit allen wichtigen Infos rund um das Helfen beim Kirchentag, sowie die \u00f6kofaire Vollverpflegung an allen Tagen. Au\u00dferdem werden Helfer*innen in der Regel in Gemeinschaftsquartieren untergebracht \u2013 und erhalten eine Fahrkarte f\u00fcr den \u00d6PNV im Gebiet des Verkehrsverbundes Rhein-Ruhr.<\/p>\n<p>Achtung Gewinnspiel! Gruppen, die sich bis zum 10. M\u00e4rz 2019 mit mindestens f\u00fcnf Personen anmelden, haben die M\u00f6glichkeit, einen Gutschein von <a href=\"http:\/\/www.fahrtenbedarf.de\/\" target=\"_blank\" rel=\"noopener\">F&amp;F<\/a> im Wert von 500 Euro zu gewinnen.<\/p>\n<h4>Alle Informationen zum Mithelfen und den Direktlink zum Anmeldeformular gibt es auf<br \/>\n<a href=\"http:\/\/www.kirchentag.de\/helfen\" target=\"_blank\" rel=\"noopener\">kirchentag.de\/helfen<\/a> \u2013 und unter <a href=\"http:\/\/helfenbeimkirchentag.de\" target=\"_blank\" rel=\"noopener\">helfenbeimkirchentag.de<\/a>.<\/h4>\n<div id='gallery-1' class='gallery galleryid-11148 gallery-columns-4 gallery-size-thumbnail'><figure class='gallery-item'>\n\t\t\t<div class='gallery-icon landscape'>\n\t\t\t\t<a href='https:\/\/vcp.de\/pfadfinden\/wp-content\/uploads\/2018\/09\/34731410201_e2402f81bc_k.jpg'><img loading=\"lazy\" decoding=\"async\" width=\"150\" height=\"150\" src=\"https:\/\/vcp.de\/pfadfinden\/wp-content\/uploads\/2018\/09\/34731410201_e2402f81bc_k-150x150.jpg\" class=\"attachment-thumbnail size-thumbnail\" alt=\"\" aria-describedby=\"gallery-1-11153\" srcset=\"https:\/\/vcp.de\/pfadfinden\/wp-content\/uploads\/2018\/09\/34731410201_e2402f81bc_k-150x150.jpg 150w, https:\/\/vcp.de\/pfadfinden\/wp-content\/uploads\/2018\/09\/34731410201_e2402f81bc_k-45x45.jpg 45w\" sizes=\"auto, (max-width: 150px) 100vw, 150px\" \/><\/a>\n\t\t\t<\/div>\n\t\t\t\t<figcaption class='wp-caption-text gallery-caption' id='gallery-1-11153'>\n\t\t\t\tFoto: DEKT\n\t\t\t\t<\/figcaption><\/figure><figure class='gallery-item'>\n\t\t\t<div class='gallery-icon landscape'>\n\t\t\t\t<a href='https:\/\/vcp.de\/pfadfinden\/wp-content\/uploads\/2018\/09\/34699752282_1c8811921c_z.jpg'><img loading=\"lazy\" decoding=\"async\" width=\"150\" height=\"150\" src=\"https:\/\/vcp.de\/pfadfinden\/wp-content\/uploads\/2018\/09\/34699752282_1c8811921c_z-150x150.jpg\" class=\"attachment-thumbnail size-thumbnail\" alt=\"\" aria-describedby=\"gallery-1-11152\" srcset=\"https:\/\/vcp.de\/pfadfinden\/wp-content\/uploads\/2018\/09\/34699752282_1c8811921c_z-150x150.jpg 150w, https:\/\/vcp.de\/pfadfinden\/wp-content\/uploads\/2018\/09\/34699752282_1c8811921c_z-45x45.jpg 45w\" sizes=\"auto, (max-width: 150px) 100vw, 150px\" \/><\/a>\n\t\t\t<\/div>\n\t\t\t\t<figcaption class='wp-caption-text gallery-caption' id='gallery-1-11152'>\n\t\t\t\tFoto: DEKT\n\t\t\t\t<\/figcaption><\/figure><figure class='gallery-item'>\n\t\t\t<div class='gallery-icon landscape'>\n\t\t\t\t<a href='https:\/\/vcp.de\/pfadfinden\/wp-content\/uploads\/2018\/09\/34864775916_a6f44228ec_z.jpg'><img loading=\"lazy\" decoding=\"async\" width=\"150\" height=\"150\" src=\"https:\/\/vcp.de\/pfadfinden\/wp-content\/uploads\/2018\/09\/34864775916_a6f44228ec_z-150x150.jpg\" class=\"attachment-thumbnail size-thumbnail\" alt=\"\" aria-describedby=\"gallery-1-11155\" srcset=\"https:\/\/vcp.de\/pfadfinden\/wp-content\/uploads\/2018\/09\/34864775916_a6f44228ec_z-150x150.jpg 150w, https:\/\/vcp.de\/pfadfinden\/wp-content\/uploads\/2018\/09\/34864775916_a6f44228ec_z-45x45.jpg 45w\" sizes=\"auto, (max-width: 150px) 100vw, 150px\" \/><\/a>\n\t\t\t<\/div>\n\t\t\t\t<figcaption class='wp-caption-text gallery-caption' id='gallery-1-11155'>\n\t\t\t\tFoto: DEKT\n\t\t\t\t<\/figcaption><\/figure><figure class='gallery-item'>\n\t\t\t<div class='gallery-icon landscape'>\n\t\t\t\t<a href='https:\/\/vcp.de\/pfadfinden\/wp-content\/uploads\/2018\/09\/34772385061_1c139f2aa8_z.jpg'><img loading=\"lazy\" decoding=\"async\" width=\"150\" height=\"150\" src=\"https:\/\/vcp.de\/pfadfinden\/wp-content\/uploads\/2018\/09\/34772385061_1c139f2aa8_z-150x150.jpg\" class=\"attachment-thumbnail size-thumbnail\" alt=\"\" aria-describedby=\"gallery-1-11154\" srcset=\"https:\/\/vcp.de\/pfadfinden\/wp-content\/uploads\/2018\/09\/34772385061_1c139f2aa8_z-150x150.jpg 150w, https:\/\/vcp.de\/pfadfinden\/wp-content\/uploads\/2018\/09\/34772385061_1c139f2aa8_z-45x45.jpg 45w\" sizes=\"auto, (max-width: 150px) 100vw, 150px\" \/><\/a>\n\t\t\t<\/div>\n\t\t\t\t<figcaption class='wp-caption-text gallery-caption' id='gallery-1-11154'>\n\t\t\t\tFoto: DEKT\n\t\t\t\t<\/figcaption><\/figure>\n\t\t<\/div>\n\n","protected":false},"excerpt":{"rendered":"<p>Jede*r kann Teil der Bewegung sein &#8211; Gewinnspiel f\u00fcr Gruppen Der Deutsche Evangelische Kirchentag sucht ab sofort 5.000 Freiwillige f\u00fcr den Kirchentag in Dortmund. Ohne die Unterst\u00fctzung von Helfer*innen sind Kirchentage nicht denkbar: Die Ehrenamtlichen helfen beim Einlass, sind Wegweiser f\u00fcr die Kirchentagsbesucher*innen, geben Auskunft, falten Papphocker, verkaufen Artikel im KirchentagsShop, verteilen Schals und sorgen [&hellip;]<\/p>\n","protected":false},"author":3,"featured_media":11150,"comment_status":"closed","ping_status":"open","sticky":false,"template":"","format":"standard","meta":{"_acf_changed":false,"inline_featured_image":false,"footnotes":""},"categories":[206],"tags":[336,245],"class_list":["post-11148","post","type-post","status-publish","format-standard","has-post-thumbnail","hentry","category-kirchentag-2019","tag-anp1803","tag-dies-und-das"],"acf":[],"_links":{"self":[{"href":"https:\/\/vcp.de\/pfadfinden\/wp-json\/wp\/v2\/posts\/11148","targetHints":{"allow":["GET"]}}],"collection":[{"href":"https:\/\/vcp.de\/pfadfinden\/wp-json\/wp\/v2\/posts"}],"about":[{"href":"https:\/\/vcp.de\/pfadfinden\/wp-json\/wp\/v2\/types\/post"}],"author":[{"embeddable":true,"href":"https:\/\/vcp.de\/pfadfinden\/wp-json\/wp\/v2\/users\/3"}],"replies":[{"embeddable":true,"href":"https:\/\/vcp.de\/pfadfinden\/wp-json\/wp\/v2\/comments?post=11148"}],"version-history":[{"count":0,"href":"https:\/\/vcp.de\/pfadfinden\/wp-json\/wp\/v2\/posts\/11148\/revisions"}],"wp:featuredmedia":[{"embeddable":true,"href":"https:\/\/vcp.de\/pfadfinden\/wp-json\/wp\/v2\/media\/11150"}],"wp:attachment":[{"href":"https:\/\/vcp.de\/pfadfinden\/wp-json\/wp\/v2\/media?parent=11148"}],"wp:term":[{"taxonomy":"category","embeddable":true,"href":"https:\/\/vcp.de\/pfadfinden\/wp-json\/wp\/v2\/categories?post=11148"},{"taxonomy":"post_tag","embeddable":true,"href":"https:\/\/vcp.de\/pfadfinden\/wp-json\/wp\/v2\/tags?post=11148"}],"curies":[{"name":"wp","href":"https:\/\/api.w.org\/{rel}","templated":true}]}}