{"id":10797,"date":"2018-08-15T12:05:34","date_gmt":"2018-08-15T10:05:34","guid":{"rendered":"https:\/\/www.vcp.de\/pfadfinden\/?p=10797"},"modified":"2024-09-14T15:04:12","modified_gmt":"2024-09-14T13:04:12","slug":"du-bist-genau-richtig-mach-mit","status":"publish","type":"post","link":"https:\/\/vcp.de\/pfadfinden\/allgemein\/du-bist-genau-richtig-mach-mit\/","title":{"rendered":"Du bist genau richtig! MACH MIT"},"content":{"rendered":"\n<h3 class=\"wp-block-heading\">Wir sind weiter auf der Suche nach der <strong>Schwarmintelligenz im VCP<\/strong>, die sich gemeinsam dazu austauscht, wie sich die Zukunft des Verbandes gut gestalten l\u00e4sst, welche Themenfelder und Voraussetzungen uns wichtig sind und warum es offenbar schwierig ist, sich f\u00fcr das Amt des VCP-Bundesvorstandes zur Verf\u00fcgung zu stellen. Zum regul\u00e4ren Ende der Amtsperiode im Juni standen jedenfalls keine Nachfolger*innen f\u00fcr Jule, Gero und Thommy zur Wahl.<\/h3>\n\n\n\n<p>Wir wollen aber die Zeit bis zur au\u00dferordentlichen Bundesversammlung im Dezember nicht einfach absitzen (\u201eirgendwer wird sich schon finden\u201c), sondern uns mit ALLEN, denen das Thema wichtig ist, dar\u00fcber austauschen, worin wir die Gr\u00fcnde f\u00fcr die derzeitige Situation sehen und welche Ideen bestehen, an welchen \u201eSchrauben\u201c wir f\u00fcr die Zukunft des VCP etwas bewegen m\u00fcssten &#8211;&nbsp; sowohl inhaltlich als auch strukturell. Wom\u00f6glich gibt es auch Parallelen zur Besetzung von Positionen in Landesleitungen.<\/p>\n\n\n\n<p>Als Findungsausschuss laden wir deshalb weiterhin ein zu<\/p>\n\n\n\n<h3 class=\"wp-block-heading\">\u201eMACH MIT \u2013 Wir brauchen Dich\u201c<\/h3>\n\n\n\n<p><strong>vom 7.-9. September auf der Burg Rieneck.<\/strong><\/p>\n\n\n\n<p>Eingeladen sind:<\/p>\n\n\n\n<ul class=\"wp-block-list\">\n<li>alle, die gerne \u00fcber m\u00f6gliche \u00c4nderungen der Gremienstruktur des VCP auf Bundesebene nachdenken wollen,<\/li>\n\n\n\n<li>alle, die sp\u00e4testens auf der Bundesversammlung 2018 die Dringlichkeit des Themas erkannt haben und sich einbringen wollen,<\/li>\n\n\n\n<li>alle, die sich gerne in den n\u00e4chsten drei Jahren auf der Bundesebene engagieren und den VCP gestalten wollen,<\/li>\n\n\n\n<li>alle Landesleitungen,<\/li>\n\n\n\n<li>alle Mitglieder des Bundesrats,<\/li>\n\n\n\n<li>alle Interessenten f\u00fcr den Bundesvorstand,<\/li>\n\n\n\n<li>alle Interessenten f\u00fcr Referate in der Bundesleitung,<\/li>\n\n\n\n<li>also auch du?<\/li>\n<\/ul>\n\n\n\n<p>\u00dcbrigens m\u00fcsst ihr bei eurer Anmeldung nicht angeben, zu welcher der Kategorien von Eingeladenen ihr euch z\u00e4hlt. Jede*r, die*der sich zu diesem Thema einbringen m\u00f6chte, um nicht nur f\u00fcr die anstehende Wahl im Dezember sondern auch in den n\u00e4chsten Jahren leichter Kandidat*innen f\u00fcr das h\u00f6chste Wahlamt im VCP zu finden, ist herzlich willkommen.<\/p>\n\n\n\n<p>Einige Anmeldungen sind bereits eingegangen. Allerdings wissen wir, dass noch jede Menge mehr Wissen, Erfahrungen und Meinungen im Verband existieren und genau die brauchen wir bei MACH MIT! Aus unserer Sicht w\u00e4re es ideal, wenn das Wochenende breit genutzt wird, um mit mehr Menschen als bei einem Bundesrat \u2013 oder mit mehr Zeit, als ein solches Thema im Rahmen der engen Tagesordnung einer Bundesversammlung erhalten kann, zusammen Gedanken auszutauschen. Noch besser w\u00fcrde uns gefallen, wenn die MITMACHER*INNEN die bunte Bandbreite unseres Verbandes abbilden w\u00fcrde. Wir glauben, dass auch die Haltungen, Erwartungen und Einsch\u00e4tzungen von Fach- und Projektgruppen, Landesebenen, Beauftragten etc. wertvoll f\u00fcr die Diskussion sind \u2013 ebenso wie die Sichtweise von Bezirks-\/Gau-\/Regions- aber auch Ortsebenen. <strong>Also kannst sicherlich auch du etwas beitragen!<\/strong><\/p>\n\n\n\n<h3 class=\"wp-block-heading\">Was passiert beim MACH MIT?<\/h3>\n\n\n\n<p>Es wird dargestellt, was genau die Aufgaben und die Funktionen der Bundesf\u00fchrung sind und welche (inhaltlichen und organisatorischen) Gestaltungsspielr\u00e4ume bestehen. Es wird auch mit einer breiten Basis \u00fcber die Arbeitsteilung zwischen Bundesvorstand, Bundesleitung, Bundesrat sowie den Fach- und Projektgruppen laut nachgedacht. Wir nutzen die Zeit, um Fragen zu stellen, die wir (uns) schon lange nicht mehr gefragt haben (\u201eweil es immer schon so war\u2026\u201c).<\/p>\n\n\n\n<p>Dar\u00fcber hinaus wollen wir uns auch \u00fcber Ideen zur inhaltlichen Ausrichtung f\u00fcr die n\u00e4chsten drei Jahren im VCP offen austauschen\u2013 die Pfadfindung hat hier ja schon eine grobe Richtung vorgegeben. Und zu guter Letzt: Wenn es richtig gut l\u00e4uft, erm\u00f6glicht das Wochenende die Vernetzung von Interessierten und die Konkretisierung eines Teams f\u00fcr Bundesvorstand und Bundesleitung.<\/p>\n\n\n\n<h3 class=\"wp-block-heading\">Findung von Kandidat*innen f\u00fcr den Bundesvorstand<\/h3>\n\n\n\n<p>Eine weitere Aufgabe des Findungsausschusses ist nicht weiter erstaunlich: die Findung von Kandidat*innen f\u00fcr den Bundesvorstand zu unterst\u00fctzen. Anders als der bisherige Findungsausschuss werden wir aber nicht nochmal lauter vermeintliche Kandidat*innen ansprechen. Stattdessen fordern wir alle auf, die sich vorstellen k\u00f6nnen als Vorstand oder als Referent*in in der Bundesleitung mitzuwirken, sich bei uns zu melden \u2013 oder sich gleich f\u00fcr MACH MIT anzumelden. Gleiches gilt f\u00fcr diejenigen, die sich mit solchen Gedanken zwar schon besch\u00e4ftigt haben, aber noch zu viele Bedenken oder Fragen dazu in sich sp\u00fcren. Wir wollen Interessierte f\u00fcr diese \u00c4mter beraten, untereinander in Kontakt bringen und Teamfindungsprozesse unterst\u00fctzen.<\/p>\n\n\n\n<h3 class=\"wp-block-heading\">Anmeldung<\/h3>\n\n\n\n<p>Die Anmeldung ist abgelaufen.<\/p>\n\n\n\n<p>Wir sind unter&nbsp;<a href=\"mailto:findungsausschuss@vcp.de\">findungsausschuss@vcp.de<\/a>&nbsp;f\u00fcr Fragen, Ratschl\u00e4ge und Kandidaturbekundungen erreichbar. Meldet euch gerne bei uns!<\/p>\n\n\n\n<p>Viele Gr\u00fc\u00dfe und Gut Pfad<\/p>\n\n\n\n<p><em>Eva (Westfalen), Janina (Baden), Max (Berlin-Brandenburg), Rike (RPS), Speedo (RPS), Susi (Nordrhein), Daniel (Niedersachsen)<\/em><\/p>\n","protected":false},"excerpt":{"rendered":"<p>Wir sind weiter auf der Suche nach der Schwarmintelligenz im VCP, die sich gemeinsam dazu austauscht, wie sich die Zukunft des Verbandes gut gestalten l\u00e4sst, welche Themenfelder und Voraussetzungen uns wichtig sind und warum es offenbar schwierig ist, sich f\u00fcr das Amt des VCP-Bundesvorstandes zur Verf\u00fcgung zu stellen. Zum regul\u00e4ren Ende der Amtsperiode im Juni [&hellip;]<\/p>\n","protected":false},"author":52,"featured_media":10837,"comment_status":"closed","ping_status":"open","sticky":false,"template":"","format":"standard","meta":{"_acf_changed":false,"inline_featured_image":false,"footnotes":""},"categories":[1],"tags":[87,92],"class_list":["post-10797","post","type-post","status-publish","format-standard","has-post-thumbnail","hentry","category-allgemein","tag-bundesleitung","tag-bundesversammlung"],"acf":[],"_links":{"self":[{"href":"https:\/\/vcp.de\/pfadfinden\/wp-json\/wp\/v2\/posts\/10797","targetHints":{"allow":["GET"]}}],"collection":[{"href":"https:\/\/vcp.de\/pfadfinden\/wp-json\/wp\/v2\/posts"}],"about":[{"href":"https:\/\/vcp.de\/pfadfinden\/wp-json\/wp\/v2\/types\/post"}],"author":[{"embeddable":true,"href":"https:\/\/vcp.de\/pfadfinden\/wp-json\/wp\/v2\/users\/52"}],"replies":[{"embeddable":true,"href":"https:\/\/vcp.de\/pfadfinden\/wp-json\/wp\/v2\/comments?post=10797"}],"version-history":[{"count":1,"href":"https:\/\/vcp.de\/pfadfinden\/wp-json\/wp\/v2\/posts\/10797\/revisions"}],"predecessor-version":[{"id":36853,"href":"https:\/\/vcp.de\/pfadfinden\/wp-json\/wp\/v2\/posts\/10797\/revisions\/36853"}],"wp:featuredmedia":[{"embeddable":true,"href":"https:\/\/vcp.de\/pfadfinden\/wp-json\/wp\/v2\/media\/10837"}],"wp:attachment":[{"href":"https:\/\/vcp.de\/pfadfinden\/wp-json\/wp\/v2\/media?parent=10797"}],"wp:term":[{"taxonomy":"category","embeddable":true,"href":"https:\/\/vcp.de\/pfadfinden\/wp-json\/wp\/v2\/categories?post=10797"},{"taxonomy":"post_tag","embeddable":true,"href":"https:\/\/vcp.de\/pfadfinden\/wp-json\/wp\/v2\/tags?post=10797"}],"curies":[{"name":"wp","href":"https:\/\/api.w.org\/{rel}","templated":true}]}}