{"id":10341,"date":"2018-07-12T15:41:01","date_gmt":"2018-07-12T13:41:01","guid":{"rendered":"https:\/\/www.vcp.de\/pfadfinden\/?p=10341"},"modified":"2018-07-16T09:41:24","modified_gmt":"2018-07-16T07:41:24","slug":"pfadfinden-erhaelt-den-friedenspreis","status":"publish","type":"post","link":"https:\/\/vcp.de\/pfadfinden\/allgemein\/pfadfinden-erhaelt-den-friedenspreis\/","title":{"rendered":"Pfadfinden erh\u00e4lt den Friedenspreis"},"content":{"rendered":"<h3>Am Samstag, den 14. Juli, erh\u00e4lt <a href=\"http:\/\/www.pfadfinden-in-deutschland.de\">Pfadfinden in Deutschland<\/a>\u00a0 stellvertretend f\u00fcr die weltweite Jugendbewegung der Pfadfinder*innen den <a href=\"https:\/\/www.wirtschaftliche-gesellschaft.de\/presse\/friedenspreis-2018\/\">Internationalen Preis des Westf\u00e4lischen Friedens<\/a>.<\/h3>\n<p>Ab 11 Uhr wird die feierliche Verleihung des Preises aus dem Rathaus zu M\u00fcnster im WDR live \u00fcbertragen und ist auch Online per <a href=\"https:\/\/www.wdr.de\/programmvorschau\/alle\/uebersicht\/2018-07-14\/\">Livestream<\/a> zu verfolgen. Wir berichten f\u00fcr euch von der Veranstaltung \u00fcber Facebook, Twitter und Instagram.<\/p>\n<p>Ebenfalls ausgezeichnet werden die baltischen Staaten Estland, Lettland und Litauen. Der zum 350. Jahrestag des Westf\u00e4lischen Friedens im Jahr 1998 ins Leben gerufene Preis, der der mit 100.000 Euro h\u00f6chstdotierte deutsche Friedenspreis ist, wird alle zwei Jahre in zwei gleichwertigen Kategorien vergeben.<\/p>\n<p>Pfadfinden in Deutschland erh\u00e4lt den Jugendpreis, der an junge Menschen oder Jugendgruppen verliehen wird, die beispielgebend f\u00fcr Ausgleich und Frieden handeln.<\/p>\n<p>Mit der Vergabe des Westf\u00e4lischen Friedenspreises will die Wirtschaftliche Gesellschaft f\u00fcr Westfalen und Lippe (WWL) einen Beitrag zur Diskussion \u00fcber die inneren Strukturen Europas und das Zusammenleben der Menschen in einem Europa der Regionen leisten.<\/p>\n<p>\u201eAls die weltgr\u00f6\u00dfte Jugendbewegung will das Pfadfinden zu einer friedensorientierten Entwicklung junger Menschen beitragen, damit diese sich als verantwortungsbewusste B\u00fcrgerinnen und B\u00fcrger in der Gesellschaft engagieren k\u00f6nnen\u201c, erkl\u00e4rte Dr. Reinhard Zinkann, der Vorsitzende der WWL. \u201eMit gemeinsamen Werten wie dem gleichberechtigten Zusammenleben, der Toleranz gegen\u00fcber anderen, aber auch dem Respekt vor der Umwelt baut das Pfadfinden auf dem Ideal auf, dass alle Menschen in Frieden miteinander leben k\u00f6nnen.\u201c<\/p>\n<p>&nbsp;<\/p>\n","protected":false},"excerpt":{"rendered":"<p>Am Samstag, den 14. Juli, erh\u00e4lt Pfadfinden in Deutschland\u00a0 stellvertretend f\u00fcr die weltweite Jugendbewegung der Pfadfinder*innen den Internationalen Preis des Westf\u00e4lischen Friedens. Ab 11 Uhr wird die feierliche Verleihung des Preises aus dem Rathaus zu M\u00fcnster im WDR live \u00fcbertragen und ist auch Online per Livestream zu verfolgen. Wir berichten f\u00fcr euch von der Veranstaltung [&hellip;]<\/p>\n","protected":false},"author":52,"featured_media":10342,"comment_status":"closed","ping_status":"open","sticky":false,"template":"","format":"standard","meta":{"_acf_changed":false,"inline_featured_image":false,"footnotes":""},"categories":[1],"tags":[40,329,83],"class_list":["post-10341","post","type-post","status-publish","format-standard","has-post-thumbnail","hentry","category-allgemein","tag-friedenslicht","tag-friedenspreis","tag-internationales"],"acf":[],"_links":{"self":[{"href":"https:\/\/vcp.de\/pfadfinden\/wp-json\/wp\/v2\/posts\/10341","targetHints":{"allow":["GET"]}}],"collection":[{"href":"https:\/\/vcp.de\/pfadfinden\/wp-json\/wp\/v2\/posts"}],"about":[{"href":"https:\/\/vcp.de\/pfadfinden\/wp-json\/wp\/v2\/types\/post"}],"author":[{"embeddable":true,"href":"https:\/\/vcp.de\/pfadfinden\/wp-json\/wp\/v2\/users\/52"}],"replies":[{"embeddable":true,"href":"https:\/\/vcp.de\/pfadfinden\/wp-json\/wp\/v2\/comments?post=10341"}],"version-history":[{"count":0,"href":"https:\/\/vcp.de\/pfadfinden\/wp-json\/wp\/v2\/posts\/10341\/revisions"}],"wp:featuredmedia":[{"embeddable":true,"href":"https:\/\/vcp.de\/pfadfinden\/wp-json\/wp\/v2\/media\/10342"}],"wp:attachment":[{"href":"https:\/\/vcp.de\/pfadfinden\/wp-json\/wp\/v2\/media?parent=10341"}],"wp:term":[{"taxonomy":"category","embeddable":true,"href":"https:\/\/vcp.de\/pfadfinden\/wp-json\/wp\/v2\/categories?post=10341"},{"taxonomy":"post_tag","embeddable":true,"href":"https:\/\/vcp.de\/pfadfinden\/wp-json\/wp\/v2\/tags?post=10341"}],"curies":[{"name":"wp","href":"https:\/\/api.w.org\/{rel}","templated":true}]}}