{"id":10054,"date":"2018-06-06T23:19:52","date_gmt":"2018-06-06T21:19:52","guid":{"rendered":"https:\/\/www.vcp.de\/pfadfinden\/?p=10054"},"modified":"2018-06-06T23:21:03","modified_gmt":"2018-06-06T21:21:03","slug":"ein-persoenlicher-blick-auf-pfadfindung","status":"publish","type":"post","link":"https:\/\/vcp.de\/pfadfinden\/pfadfindung\/ein-persoenlicher-blick-auf-pfadfindung\/","title":{"rendered":"Ein pers\u00f6nlicher Blick auf Pfadfindung"},"content":{"rendered":"<p>Ein Blick hinter die Kulissen: Wie war eigentlich die Arbeit in der Projektgruppe Pfadfindung? Die beiden PG-Mitglieder Dave McLaren und Robin G\u00fcnkel blicken zur\u00fcck. <!--more--><br \/>\n<figure id=\"attachment_10055\" aria-describedby=\"caption-attachment-10055\" style=\"width: 785px\" class=\"wp-caption aligncenter\"><a href=\"https:\/\/www.vcp.de\/pfadfinden\/wp-content\/uploads\/2018\/06\/IMG_3944.jpg\"><img loading=\"lazy\" decoding=\"async\" src=\"https:\/\/www.vcp.de\/pfadfinden\/wp-content\/uploads\/2018\/06\/IMG_3944.jpg\" alt=\"\" width=\"785\" height=\"576\" class=\"size-full wp-image-10055\" srcset=\"https:\/\/vcp.de\/pfadfinden\/wp-content\/uploads\/2018\/06\/IMG_3944.jpg 785w, https:\/\/vcp.de\/pfadfinden\/wp-content\/uploads\/2018\/06\/IMG_3944-300x220.jpg 300w, https:\/\/vcp.de\/pfadfinden\/wp-content\/uploads\/2018\/06\/IMG_3944-768x564.jpg 768w\" sizes=\"auto, (max-width: 785px) 100vw, 785px\" \/><\/a><figcaption id=\"caption-attachment-10055\" class=\"wp-caption-text\">Robin und Dave stellen auf dem Bundesrat im April 2018 die Ergebnisse der Pfadfindung vor.<\/figcaption><\/figure><br \/>\n<strong>Freiheit und Kreativit\u00e4t<\/strong><br \/>\nDavid: Die meisten Mitarbeiter der PG kannten sich vorher nicht. Kann man so zusammenarbeiten? Ja, sehr gut sogar! Irgendwie nahmen wir einfach alle an, wir w\u00e4ren wegen unserer Kompetenz hier. Keiner sprach f\u00fcr eine Str\u00f6mung oder die Gliederung, aus der er kam. Alle sagten ihre Meinung und dann gab es eine kritische Diskussion. So konnten wir frei von \u00e4u\u00dferen Zw\u00e4ngen zusammenarbeiten &#8211; da entstand ein ganz kreativer Prozess, der unsere Arbeit befl\u00fcgelt hat.<\/p>\n<p><strong>Das Ziel vor Augen<\/strong><br \/>\nRobin: F\u00fcr mich stellte der feste Rahmen und das klare Ziel, bis zur BV 2018 den Beteiligungsprozess der Regionalkonferenzen zu planen, durchzuf\u00fchren und auszuwerten, eine neue Art der Herausforderung dar. Mein Engagement wurde, um ein feste Ziel zu erreichen, auf ein Jahr kondensiert. Man wusste von Anfang an, wann die Aufgabe endet. Durch diese Endlichkeit und die klare Zielvorgabe war es sehr schnell m\u00f6glich, zielorientiert zusammenzuarbeiten. <\/p>\n<p><strong>Offener Umgang<\/strong><br \/>\nDavid: Ich finde, der feste Rahmen hat uns irgendwie offener gemacht. Uns allen war klar, dass die Pfadfindung eine Riesenchance f\u00fcr den VCP ist &#8211; deshalb haben wir immer den h\u00f6chsten Anspruch an uns gestellt und keine Scheu vor hoch gesteckten Zielen gezeigt. Man sieht das ja am geplanten Mitgliederwachstum! Aber ich glaube, wir brauchen auch hohe Ziele, damit auch wirklich alle VCPer*innen motiviert werden, zu den Zielen der Pfadfindung beizutragen.<\/p>\n<p><strong>Ansprechbar sein<\/strong><br \/>\nRobin: Im Rahmen der Pfadfindung musste man auf einmal f\u00fcr die 200 Teilnehmenden auf den Konferenzen ansprechbar sein. Es waren sehr viele interessante Gespr\u00e4che und tolle Eindr\u00fccke \u00fcber die gelebte Pfadfinderarbeit, die wir sammeln konnten.<br \/>\nAuch zwischen den Konferenzen meldeten sich einige engagierte Mensch bei uns. Es war nicht immer einfach zwischen dem ganzen Prozess auch noch immer allen zeitnah zu antworten, aber ich bin mir sicher, wir haben unser Bestes gegeben, immer situationsgerecht zu antworten.<br \/>\nIm Besonderen hat uns auch die Kampagnenf\u00e4higkeit des VCP beeindruckt. So partizipierten bei manchen Online-Thesen-Rankings vor der ersten Konferenz \u00fcber 1000 Pfadfinder*innen. <\/p>\n<p><strong>Das gro\u00dfe Ganze im Blick behalten<\/strong><br \/>\nDavid: Mir geht es oft bei der Planung von Lagern so, dass man das gro\u00dfe Ganze aus dem Blick verliert und sich in lauter Details verzettelt. Das war bei der Pfadfindung gar nicht so! Wir hatten uns alle schon an vielen verschiedenen Stellen im VCP engagiert und viel Erfahrung mitgebracht. Trotzdem haben wir nie den Faden verloren. Zweimal wurden unsere Treffen moderiert, das war sehr hilfreich. Wir machen ja auch Ziele f\u00fcr den ganzen, gro\u00dfen VCP!<\/p>\n<p><strong>Zusammenarbeit<\/strong><br \/>\nRobin: Es war einfach genial: Egal, wo es bei uns ein Problem gab, es brachten sich immer wieder spontan engagierte Pfadfinder*innen ein und halfen uns aus. Egal ob beim Handlungsfeld-Tisch-Moderieren, beim Auf- oder Umr\u00e4umen oder auch beim Rahmenprogramm der Konferenzen. Es war nie ein Problem krankheitsbedingte Ausf\u00e4lle zu kompensieren. Auch die Verbandsgremien, wie beispielsweise die Landesversammlungen,  boten uns immer wieder Raum f\u00fcr die Veranstaltungen zu werben oder \u00fcber unseren Arbeitsstand zu berichten. So hat auch der Bundesrat immer inhaltlich viel beigetragen. Es macht mich sehr stolz, ein solches Projekt in einem so engagierten Verband durchf\u00fchren zu d\u00fcrfen. Es war einfach genial! <\/p>\n","protected":false},"excerpt":{"rendered":"<p>Ein Blick hinter die Kulissen: Wie war eigentlich die Arbeit in der Projektgruppe Pfadfindung? Die beiden PG-Mitglieder Dave McLaren und Robin G\u00fcnkel blicken zur\u00fcck.<\/p>\n","protected":false},"author":16,"featured_media":10055,"comment_status":"closed","ping_status":"open","sticky":false,"template":"","format":"standard","meta":{"_acf_changed":false,"inline_featured_image":false,"footnotes":""},"categories":[157],"tags":[165],"class_list":["post-10054","post","type-post","status-publish","format-standard","has-post-thumbnail","hentry","category-pfadfindung","tag-pfadfindung"],"acf":[],"_links":{"self":[{"href":"https:\/\/vcp.de\/pfadfinden\/wp-json\/wp\/v2\/posts\/10054","targetHints":{"allow":["GET"]}}],"collection":[{"href":"https:\/\/vcp.de\/pfadfinden\/wp-json\/wp\/v2\/posts"}],"about":[{"href":"https:\/\/vcp.de\/pfadfinden\/wp-json\/wp\/v2\/types\/post"}],"author":[{"embeddable":true,"href":"https:\/\/vcp.de\/pfadfinden\/wp-json\/wp\/v2\/users\/16"}],"replies":[{"embeddable":true,"href":"https:\/\/vcp.de\/pfadfinden\/wp-json\/wp\/v2\/comments?post=10054"}],"version-history":[{"count":0,"href":"https:\/\/vcp.de\/pfadfinden\/wp-json\/wp\/v2\/posts\/10054\/revisions"}],"wp:featuredmedia":[{"embeddable":true,"href":"https:\/\/vcp.de\/pfadfinden\/wp-json\/wp\/v2\/media\/10055"}],"wp:attachment":[{"href":"https:\/\/vcp.de\/pfadfinden\/wp-json\/wp\/v2\/media?parent=10054"}],"wp:term":[{"taxonomy":"category","embeddable":true,"href":"https:\/\/vcp.de\/pfadfinden\/wp-json\/wp\/v2\/categories?post=10054"},{"taxonomy":"post_tag","embeddable":true,"href":"https:\/\/vcp.de\/pfadfinden\/wp-json\/wp\/v2\/tags?post=10054"}],"curies":[{"name":"wp","href":"https:\/\/api.w.org\/{rel}","templated":true}]}}